{"id":997,"date":"2019-12-04T13:23:49","date_gmt":"2019-12-04T13:23:49","guid":{"rendered":"http:\/\/diario24news.com\/hoy\/?p=997"},"modified":"2019-12-04T13:23:49","modified_gmt":"2019-12-04T13:23:49","slug":"la-fuerza-del-pueblo-proclama-a-johnny-ventura-a-sindico-del-dn","status":"publish","type":"post","link":"https:\/\/larepublicanews.com.do\/live\/la-fuerza-del-pueblo-proclama-a-johnny-ventura-a-sindico-del-dn\/","title":{"rendered":"La Fuerza del Pueblo proclama a Johnny Ventura a s\u00edndico del DN"},"content":{"rendered":"<p>Leonel Fern\u00e1ndez levant\u00f3 la mano de Johnny Ventura para proclamarlo.<\/p>\n<p>El merenguero y pol\u00edtico Johnny Ventura fue proclamado como candidato a la Alcald\u00eda del Distrito Nacional por La Fuerza del Pueblo, que lidera el expresidente de la Rep\u00fablica, Leonel Fern\u00e1ndez.<\/p>\n<p>Ventura fue proclamado en un acto realizado ayer en Novo Centro, el cual estuvo encabezado por Fern\u00e1ndez, quien valor\u00f3 al merenguero y asegur\u00f3que a ambos los unen fuertes v\u00ednculos de amistad.<\/p>\n<p>\u201cNosotros sabemos vencer obst\u00e1culos, y a la ciudad de Santo Domingo le sobran obst\u00e1culos, por eso acepto el reto junto a la Fuerza del Pueblo\u201d, expres\u00f3 Ventura luego que Fern\u00e1ndez le levantara la mano, y prometi\u00f3 que en los pr\u00f3ximos d\u00edas mencionar\u00e1 los ejes de su candidatura.<\/p>\n<p>Acompa\u00f1aron a Johnny Ventura, su hijo, Jhanndy Ventura, quien es candidato a diputado de la Fuerza del Pueblo por la circunscripci\u00f3n n\u00famero 2 del Distrito Nacional, as\u00ed como Omar Fern\u00e1ndez candidato a la misma posici\u00f3n por la circunscripci\u00f3n 1 entre otros aspirantes. Juan de Dios Ventura, nombre de pila del popular artista, ya fue s\u00edndico de la capital en el per\u00edodo 1998-2002 por el Partido Revolucionario Dominicano (PRD), organizaci\u00f3n en la que milit\u00f3 por 45 a\u00f1os, por la cual tambi\u00e9n fue diputado.<\/p>\n<p>Ventura fue el \u00faltimo alcalde de la capital, antes de que la dividieran en varios municipios.<\/p>\n<p>Ventura ha acompa\u00f1ado a Fern\u00e1ndez desde hace meses, incluso acudi\u00f3 al Congreso Nacional a recoger firmas para que la Constituci\u00f3n no fuera reformada con el alegado prop\u00f3sito de permitir la reelecci\u00f3n del presidente de la Rep\u00fablica, Danilo Medina.<\/p>\n<p>Fuerte el Caribe<\/p>\n","protected":false},"excerpt":{"rendered":"<p>Leonel Fern\u00e1ndez levant\u00f3 la mano de Johnny Ventura para proclamarlo. El merenguero y pol\u00edtico Johnny Ventura fue proclamado como candidato a la Alcald\u00eda del Distrito Nacional por La Fuerza del Pueblo, que lidera el expresidente de la Rep\u00fablica, Leonel Fern\u00e1ndez. Ventura fue proclamado en un acto realizado ayer en Novo Centro, el cual estuvo encabezado por Fern\u00e1ndez, quien valor\u00f3 al merenguero y asegur\u00f3que a ambos los unen fuertes v\u00ednculos de amistad. \u201cNosotros sabemos vencer obst\u00e1culos, y a la ciudad de Santo Domingo le sobran obst\u00e1culos, por eso acepto el reto&hellip;<\/p>\n","protected":false},"author":3,"featured_media":998,"comment_status":"open","ping_status":"open","sticky":false,"template":"","format":"standard","meta":{"rop_custom_images_group":[],"rop_custom_messages_group":[],"rop_publish_now":"initial","rop_publish_now_accounts":[],"rop_publish_now_history":[],"rop_publish_now_status":"pending","footnotes":""},"categories":[12],"tags":[],"class_list":["post-997","post","type-post","status-publish","format-standard","has-post-thumbnail","hentry","category-elecciones-2020"],"_links":{"self":[{"href":"https:\/\/larepublicanews.com.do\/live\/wp-json\/wp\/v2\/posts\/997","targetHints":{"allow":["GET"]}}],"collection":[{"href":"https:\/\/larepublicanews.com.do\/live\/wp-json\/wp\/v2\/posts"}],"about":[{"href":"https:\/\/larepublicanews.com.do\/live\/wp-json\/wp\/v2\/types\/post"}],"author":[{"embeddable":true,"href":"https:\/\/larepublicanews.com.do\/live\/wp-json\/wp\/v2\/users\/3"}],"replies":[{"embeddable":true,"href":"https:\/\/larepublicanews.com.do\/live\/wp-json\/wp\/v2\/comments?post=997"}],"version-history":[{"count":0,"href":"https:\/\/larepublicanews.com.do\/live\/wp-json\/wp\/v2\/posts\/997\/revisions"}],"wp:featuredmedia":[{"embeddable":true,"href":"https:\/\/larepublicanews.com.do\/live\/wp-json\/wp\/v2\/media\/998"}],"wp:attachment":[{"href":"https:\/\/larepublicanews.com.do\/live\/wp-json\/wp\/v2\/media?parent=997"}],"wp:term":[{"taxonomy":"category","embeddable":true,"href":"https:\/\/larepublicanews.com.do\/live\/wp-json\/wp\/v2\/categories?post=997"},{"taxonomy":"post_tag","embeddable":true,"href":"https:\/\/larepublicanews.com.do\/live\/wp-json\/wp\/v2\/tags?post=997"}],"curies":[{"name":"wp","href":"https:\/\/api.w.org\/{rel}","templated":true}]}}