{"id":992,"date":"2019-12-03T13:54:13","date_gmt":"2019-12-03T13:54:13","guid":{"rendered":"http:\/\/diario24news.com\/hoy\/?p=992"},"modified":"2019-12-03T13:54:13","modified_gmt":"2019-12-03T13:54:13","slug":"alcalde-abel-martinez-encabeza-otra-exitosa-jornada-de-reforestacion-en-avenida-del-arroyo","status":"publish","type":"post","link":"https:\/\/larepublicanews.com.do\/live\/alcalde-abel-martinez-encabeza-otra-exitosa-jornada-de-reforestacion-en-avenida-del-arroyo\/","title":{"rendered":"Alcalde  Abel  Mart\u00ednez  encabeza otra exitosa jornada de reforestaci\u00f3n en avenida del Arroyo"},"content":{"rendered":"<p>de reforestaci\u00f3n dentro del programa medioambiental que ejecuta la actual gesti\u00f3n municipal con el prop\u00f3sito de llamar a la conciencia de que debemos cuidar y plantar nuevos aboles y reforestar \u00e1reas que necesitan el verde.<\/p>\n<p>\u201cEstamos aqu\u00ed una vez m\u00e1s para llamar la atenci\u00f3n de la poblaci\u00f3n no s\u00f3lo de Santiago, sino de todo el pa\u00eds, de la importancia de plantar \u00e1rboles y cuidarlos, de luchar por el medioambiente, por la naturaleza para combatir los efectos del cambio clim\u00e1tico y solo se logra con la responsabilidad de cada uno de los ciudadanos\u201d, dijo Abel Mart\u00ednez, al iniciar la jornada.<\/p>\n<p>Dijo que esto representa un compromiso que tiene su gesti\u00f3n con la ciudad de Santiago y con el pa\u00eds para preservar el planeta y que lo seguir\u00e1n haciendo hasta lograr un Santiago totalmente verde donde se preserven las \u00e1reas boscosas con la integraci\u00f3n de todos.<\/p>\n<p>La jornada de siembra de \u00e1rboles se llev\u00f3 a cabo en la avenida del Arroyo, pr\u00f3ximo al sector \u00a0El Ensue\u00f1o, en el \u00e1rea donde fue dejado un proyecto abandonado por la pasada gesti\u00f3n y que fue construido en una ca\u00f1ada, que luego provoc\u00f3 inundaciones \u00a0y \u00a0los residentes all\u00ed reclamaron \u00a0al alcalde Abel Mart\u00ednez, su demolici\u00f3n, lo mismo piensan los t\u00e9cnicos municipales.<\/p>\n<p>El operativo fue \u00a0coordinado por la Direccion de Medio Ambiente del cabildo local, dirigida por el ingeniero V\u00edctor Hugo Castellanos y \u00a0cont\u00f3 con la colaboraci\u00f3n del Ministerio de Medio Ambiente y Recursos Naturales, la Polic\u00eda Nacional, con la \u00a0participaron \u00a0de decenas de voluntarios, directores departamentales y empleados del Ayuntamiento de Santiago, que tuvieron \u00a0la oportunidad de plantar varias especies, como Caoba criolla, tamarindo, guatapanal, mangos, Juan Primero, roble y uva de Indonesia, entre otras.<\/p>\n<p>Anteriormente el alcalde Abel Mart\u00ednez, tambi\u00e9n encabez\u00f3 una primera jornada de siembra de \u00e1rboles en los alrededores del Parque Central y otros operativos en la denominada \u00a0zona de recuperaci\u00f3n del Vertedero de Rafey, donde se han sembrado miles de aboles.<\/p>\n","protected":false},"excerpt":{"rendered":"<p>de reforestaci\u00f3n dentro del programa medioambiental que ejecuta la actual gesti\u00f3n municipal con el prop\u00f3sito de llamar a la conciencia de que debemos cuidar y plantar nuevos aboles y reforestar \u00e1reas que necesitan el verde. \u201cEstamos aqu\u00ed una vez m\u00e1s para llamar la atenci\u00f3n de la poblaci\u00f3n no s\u00f3lo de Santiago, sino de todo el pa\u00eds, de la importancia de plantar \u00e1rboles y cuidarlos, de luchar por el medioambiente, por la naturaleza para combatir los efectos del cambio clim\u00e1tico y solo se logra con la responsabilidad de cada uno de&hellip;<\/p>\n","protected":false},"author":3,"featured_media":993,"comment_status":"open","ping_status":"open","sticky":false,"template":"","format":"standard","meta":{"rop_custom_images_group":[],"rop_custom_messages_group":[],"rop_publish_now":"initial","rop_publish_now_accounts":[],"rop_publish_now_history":[],"rop_publish_now_status":"pending","footnotes":""},"categories":[23],"tags":[],"class_list":["post-992","post","type-post","status-publish","format-standard","has-post-thumbnail","hentry","category-pais"],"_links":{"self":[{"href":"https:\/\/larepublicanews.com.do\/live\/wp-json\/wp\/v2\/posts\/992","targetHints":{"allow":["GET"]}}],"collection":[{"href":"https:\/\/larepublicanews.com.do\/live\/wp-json\/wp\/v2\/posts"}],"about":[{"href":"https:\/\/larepublicanews.com.do\/live\/wp-json\/wp\/v2\/types\/post"}],"author":[{"embeddable":true,"href":"https:\/\/larepublicanews.com.do\/live\/wp-json\/wp\/v2\/users\/3"}],"replies":[{"embeddable":true,"href":"https:\/\/larepublicanews.com.do\/live\/wp-json\/wp\/v2\/comments?post=992"}],"version-history":[{"count":0,"href":"https:\/\/larepublicanews.com.do\/live\/wp-json\/wp\/v2\/posts\/992\/revisions"}],"wp:featuredmedia":[{"embeddable":true,"href":"https:\/\/larepublicanews.com.do\/live\/wp-json\/wp\/v2\/media\/993"}],"wp:attachment":[{"href":"https:\/\/larepublicanews.com.do\/live\/wp-json\/wp\/v2\/media?parent=992"}],"wp:term":[{"taxonomy":"category","embeddable":true,"href":"https:\/\/larepublicanews.com.do\/live\/wp-json\/wp\/v2\/categories?post=992"},{"taxonomy":"post_tag","embeddable":true,"href":"https:\/\/larepublicanews.com.do\/live\/wp-json\/wp\/v2\/tags?post=992"}],"curies":[{"name":"wp","href":"https:\/\/api.w.org\/{rel}","templated":true}]}}