{"id":988,"date":"2019-12-03T12:18:41","date_gmt":"2019-12-03T12:18:41","guid":{"rendered":"http:\/\/diario24news.com\/hoy\/?p=988"},"modified":"2019-12-03T12:18:41","modified_gmt":"2019-12-03T12:18:41","slug":"leonel-mi-deber-como-presidente-de-la-fuerza-del-pueblo-es-apoyar-a-candidatos-municipales-en-esta-etapa","status":"publish","type":"post","link":"https:\/\/larepublicanews.com.do\/live\/leonel-mi-deber-como-presidente-de-la-fuerza-del-pueblo-es-apoyar-a-candidatos-municipales-en-esta-etapa\/","title":{"rendered":"Leonel: mi deber como presidente de la Fuerza del Pueblo es apoyar a candidatos municipales en esta etapa"},"content":{"rendered":"<p>El expresidente Leonel Fern\u00e1ndez, puntualiz\u00f3 este lunes que como presidente de la Fuerza del Pueblo (FP), su deber es apoyar a los candidatos, al especificar que en este tramo toca respaldar las candidaturas municipales, como lo hizo ayer en el recorrido que encabez\u00f3 en el sur.<\/p>\n<p>La respuesta la dio a prop\u00f3sito de que la prensa lo abordara con relaci\u00f3n a la advertencia que emiti\u00f3 la Junta Central Electoral hoy a los candidatos a las elecciones presidenciales y congresuales de que a\u00fan no ha comenzado la campa\u00f1a electoral para los comicios de mayo de 2020, donde les pide tener cuidado para que sus actividades no se confundan con actos de proselitismo.<\/p>\n<p>\u201cComo presidente del partido Fuerza del Pueblo tengo que apoyar a los candidatos, de manera que estoy en el marco de lo legal\u201d, dijo Fern\u00e1ndez, quien puntualiz\u00f3 que la JCE se refiere a no hacer campa\u00f1a presidencial que ser\u00eda despu\u00e9s que culmine la municipal en febrero.<\/p>\n<p>Reiter\u00f3 que su funci\u00f3n en esta etapa, como presidente del partido, \u201ces apoyar a los candidatos municipales\u201d.<\/p>\n<p>Sobre la resoluci\u00f3n de la JCE que regula la participaci\u00f3n de los funcionarios en actos proselitistas, el exmandatario dijo que todo se rige por el principio de la legalidad y que lo que la JCE emite como resoluci\u00f3n, apoy\u00e1ndose en la ley, es lo que debe ser observado y cumplido.<\/p>\n<p>Estas declaraciones las ofreci\u00f3 Fern\u00e1ndez durante la proclamaci\u00f3n oficial de Juan de Dios Ventura (Johnny), como el candidato a la Alcald\u00eda del Distrito Nacional por la Fuerza del Pueblo, actividad a la que asistieron dirigentes del partido y diversas personalidades.<\/p>\n<p>Fuerte El Caribe<\/p>\n","protected":false},"excerpt":{"rendered":"<p>El expresidente Leonel Fern\u00e1ndez, puntualiz\u00f3 este lunes que como presidente de la Fuerza del Pueblo (FP), su deber es apoyar a los candidatos, al especificar que en este tramo toca respaldar las candidaturas municipales, como lo hizo ayer en el recorrido que encabez\u00f3 en el sur. La respuesta la dio a prop\u00f3sito de que la prensa lo abordara con relaci\u00f3n a la advertencia que emiti\u00f3 la Junta Central Electoral hoy a los candidatos a las elecciones presidenciales y congresuales de que a\u00fan no ha comenzado la campa\u00f1a electoral para los&hellip;<\/p>\n","protected":false},"author":3,"featured_media":989,"comment_status":"open","ping_status":"open","sticky":false,"template":"","format":"standard","meta":{"rop_custom_images_group":[],"rop_custom_messages_group":[],"rop_publish_now":"initial","rop_publish_now_accounts":[],"rop_publish_now_history":[],"rop_publish_now_status":"pending","footnotes":""},"categories":[20],"tags":[],"class_list":["post-988","post","type-post","status-publish","format-standard","has-post-thumbnail","hentry","category-leonel-fernandez"],"_links":{"self":[{"href":"https:\/\/larepublicanews.com.do\/live\/wp-json\/wp\/v2\/posts\/988","targetHints":{"allow":["GET"]}}],"collection":[{"href":"https:\/\/larepublicanews.com.do\/live\/wp-json\/wp\/v2\/posts"}],"about":[{"href":"https:\/\/larepublicanews.com.do\/live\/wp-json\/wp\/v2\/types\/post"}],"author":[{"embeddable":true,"href":"https:\/\/larepublicanews.com.do\/live\/wp-json\/wp\/v2\/users\/3"}],"replies":[{"embeddable":true,"href":"https:\/\/larepublicanews.com.do\/live\/wp-json\/wp\/v2\/comments?post=988"}],"version-history":[{"count":0,"href":"https:\/\/larepublicanews.com.do\/live\/wp-json\/wp\/v2\/posts\/988\/revisions"}],"wp:featuredmedia":[{"embeddable":true,"href":"https:\/\/larepublicanews.com.do\/live\/wp-json\/wp\/v2\/media\/989"}],"wp:attachment":[{"href":"https:\/\/larepublicanews.com.do\/live\/wp-json\/wp\/v2\/media?parent=988"}],"wp:term":[{"taxonomy":"category","embeddable":true,"href":"https:\/\/larepublicanews.com.do\/live\/wp-json\/wp\/v2\/categories?post=988"},{"taxonomy":"post_tag","embeddable":true,"href":"https:\/\/larepublicanews.com.do\/live\/wp-json\/wp\/v2\/tags?post=988"}],"curies":[{"name":"wp","href":"https:\/\/api.w.org\/{rel}","templated":true}]}}