{"id":985,"date":"2019-12-02T23:22:48","date_gmt":"2019-12-02T23:22:48","guid":{"rendered":"http:\/\/diario24news.com\/hoy\/?p=985"},"modified":"2019-12-02T23:22:48","modified_gmt":"2019-12-02T23:22:48","slug":"johnny-ventura-sera-el-candidato-a-alcaldia-del-dn-por-la-fuerza-del-pueblo","status":"publish","type":"post","link":"https:\/\/larepublicanews.com.do\/live\/johnny-ventura-sera-el-candidato-a-alcaldia-del-dn-por-la-fuerza-del-pueblo\/","title":{"rendered":"Johnny Ventura ser\u00e1 el candidato a Alcald\u00eda del DN por La Fuerza del Pueblo"},"content":{"rendered":"<p>El merenguero Johnny Ventura ser\u00e1 el candidato a la Alcald\u00eda del Distrito Nacional por el partido La Fuerza del Pueblo (LFP), nueva formaci\u00f3n del expresidente Leonel Fern\u00e1ndez.<\/p>\n<p>El artista, que se mostr\u00f3 siempre af\u00edn al exmandatario durante la crisis que lo enfrent\u00f3 con la corriente de Danilo Medina dentro del Partido de la Liberaci\u00f3n Dominicana (PLD), ser\u00e1 presentado esta tarde formalmente como aspirante a la Alcald\u00eda de la capital en los comicios municipales de febrero, confirmaron a Efe desde LFP.<\/p>\n<p>Johnny Ventura fue alcalde del Distrito Nacional entre 1998 y 2002, per\u00edodo en el que militaba en el Partido Revolucionario Dominicano (PRD).<\/p>\n<p>El cantante particip\u00f3 en las manifestaciones que convoc\u00f3 Fern\u00e1ndez contra una eventual modificaci\u00f3n de la Constituci\u00f3n dominicana para permitir que Medina se postulase a la Presidencia por tercera vez consecutiva, una opci\u00f3n que el actual mandatario descart\u00f3 posteriormente.<\/p>\n<p>Despu\u00e9s, los resultados de las elecciones primarias del 6 de octubre, que dieron la victoria a Gonzalo Castillo por poco margen frente a Fern\u00e1ndez, precipit\u00f3 la ruptura del partido oficialista, materializada por la renuncia del exmandatario como miembro y presidente del PLD, por considerar que se produjo un fraude.<\/p>\n<p>La mayor\u00eda de sus partidarios dentro de la formaci\u00f3n morada siguieron a Fern\u00e1ndez a la filas de LFP, que lo proclam\u00f3 como su candidato a la Presidencia en las elecciones de mayo de 2020.<\/p>\n","protected":false},"excerpt":{"rendered":"<p>El merenguero Johnny Ventura ser\u00e1 el candidato a la Alcald\u00eda del Distrito Nacional por el partido La Fuerza del Pueblo (LFP), nueva formaci\u00f3n del expresidente Leonel Fern\u00e1ndez. El artista, que se mostr\u00f3 siempre af\u00edn al exmandatario durante la crisis que lo enfrent\u00f3 con la corriente de Danilo Medina dentro del Partido de la Liberaci\u00f3n Dominicana (PLD), ser\u00e1 presentado esta tarde formalmente como aspirante a la Alcald\u00eda de la capital en los comicios municipales de febrero, confirmaron a Efe desde LFP. Johnny Ventura fue alcalde del Distrito Nacional entre 1998 y&hellip;<\/p>\n","protected":false},"author":3,"featured_media":986,"comment_status":"open","ping_status":"open","sticky":false,"template":"","format":"standard","meta":{"rop_custom_images_group":[],"rop_custom_messages_group":[],"rop_publish_now":"initial","rop_publish_now_accounts":[],"rop_publish_now_history":[],"rop_publish_now_status":"pending","footnotes":""},"categories":[12],"tags":[],"class_list":["post-985","post","type-post","status-publish","format-standard","has-post-thumbnail","hentry","category-elecciones-2020"],"_links":{"self":[{"href":"https:\/\/larepublicanews.com.do\/live\/wp-json\/wp\/v2\/posts\/985","targetHints":{"allow":["GET"]}}],"collection":[{"href":"https:\/\/larepublicanews.com.do\/live\/wp-json\/wp\/v2\/posts"}],"about":[{"href":"https:\/\/larepublicanews.com.do\/live\/wp-json\/wp\/v2\/types\/post"}],"author":[{"embeddable":true,"href":"https:\/\/larepublicanews.com.do\/live\/wp-json\/wp\/v2\/users\/3"}],"replies":[{"embeddable":true,"href":"https:\/\/larepublicanews.com.do\/live\/wp-json\/wp\/v2\/comments?post=985"}],"version-history":[{"count":0,"href":"https:\/\/larepublicanews.com.do\/live\/wp-json\/wp\/v2\/posts\/985\/revisions"}],"wp:featuredmedia":[{"embeddable":true,"href":"https:\/\/larepublicanews.com.do\/live\/wp-json\/wp\/v2\/media\/986"}],"wp:attachment":[{"href":"https:\/\/larepublicanews.com.do\/live\/wp-json\/wp\/v2\/media?parent=985"}],"wp:term":[{"taxonomy":"category","embeddable":true,"href":"https:\/\/larepublicanews.com.do\/live\/wp-json\/wp\/v2\/categories?post=985"},{"taxonomy":"post_tag","embeddable":true,"href":"https:\/\/larepublicanews.com.do\/live\/wp-json\/wp\/v2\/tags?post=985"}],"curies":[{"name":"wp","href":"https:\/\/api.w.org\/{rel}","templated":true}]}}