{"id":973,"date":"2019-11-27T02:53:08","date_gmt":"2019-11-27T02:53:08","guid":{"rendered":"http:\/\/diario24news.com\/hoy\/?p=973"},"modified":"2019-11-27T02:53:08","modified_gmt":"2019-11-27T02:53:08","slug":"video-leonel-reitera-su-oposicion-total-al-voto-automatizado","status":"publish","type":"post","link":"https:\/\/larepublicanews.com.do\/live\/video-leonel-reitera-su-oposicion-total-al-voto-automatizado\/","title":{"rendered":"Video | Leonel reitera su \u201coposici\u00f3n total\u201d al voto automatizado"},"content":{"rendered":"<p><iframe loading=\"lazy\" title=\"Voto Automatizado, mensaje a la naci\u00f3n.\" width=\"640\" height=\"360\" src=\"https:\/\/www.youtube.com\/embed\/txKCkmH0q1E?feature=oembed\" frameborder=\"0\" allow=\"accelerometer; autoplay; clipboard-write; encrypted-media; gyroscope; picture-in-picture; web-share\" referrerpolicy=\"strict-origin-when-cross-origin\" allowfullscreen><\/iframe><\/p>\n<p>&nbsp;<\/p>\n<p>El expresidente de la Rep\u00fablica y candidato al mismo cargo,\u00a0Leonel Fern\u00e1ndez, expres\u00f3 la noche de este lunes su\u00a0\u201ctotal, absoluta y completa oposici\u00f3n al uso del sistema de voto automatizado en las pr\u00f3ximas elecciones municipales\u201d\u00a0de 2020.<\/p>\n<p>Fern\u00e1ndez dijo que su posici\u00f3n representa la de los partidos aliados a La Fuerza del Pueblo (LFP). El pol\u00edtico es el candidato de esa coalici\u00f3n para las elecciones presidenciales de 2020.<\/p>\n<p>La posici\u00f3n de Fern\u00e1ndez sobre el voto automatizado es una respuesta al anuncio de la Junta Central Electoral (JCE), de que este jueves decidir\u00e1 si usa o no el m\u00e9todo de votaci\u00f3n para las elecciones municipales del referido a\u00f1o.<\/p>\n","protected":false},"excerpt":{"rendered":"<p>&nbsp; El expresidente de la Rep\u00fablica y candidato al mismo cargo,\u00a0Leonel Fern\u00e1ndez, expres\u00f3 la noche de este lunes su\u00a0\u201ctotal, absoluta y completa oposici\u00f3n al uso del sistema de voto automatizado en las pr\u00f3ximas elecciones municipales\u201d\u00a0de 2020. Fern\u00e1ndez dijo que su posici\u00f3n representa la de los partidos aliados a La Fuerza del Pueblo (LFP). El pol\u00edtico es el candidato de esa coalici\u00f3n para las elecciones presidenciales de 2020. La posici\u00f3n de Fern\u00e1ndez sobre el voto automatizado es una respuesta al anuncio de la Junta Central Electoral (JCE), de que este jueves&hellip;<\/p>\n","protected":false},"author":3,"featured_media":974,"comment_status":"open","ping_status":"open","sticky":false,"template":"","format":"standard","meta":{"rop_custom_images_group":[],"rop_custom_messages_group":[],"rop_publish_now":"initial","rop_publish_now_accounts":[],"rop_publish_now_history":[],"rop_publish_now_status":"pending","footnotes":""},"categories":[12,20],"tags":[],"class_list":["post-973","post","type-post","status-publish","format-standard","has-post-thumbnail","hentry","category-elecciones-2020","category-leonel-fernandez"],"_links":{"self":[{"href":"https:\/\/larepublicanews.com.do\/live\/wp-json\/wp\/v2\/posts\/973","targetHints":{"allow":["GET"]}}],"collection":[{"href":"https:\/\/larepublicanews.com.do\/live\/wp-json\/wp\/v2\/posts"}],"about":[{"href":"https:\/\/larepublicanews.com.do\/live\/wp-json\/wp\/v2\/types\/post"}],"author":[{"embeddable":true,"href":"https:\/\/larepublicanews.com.do\/live\/wp-json\/wp\/v2\/users\/3"}],"replies":[{"embeddable":true,"href":"https:\/\/larepublicanews.com.do\/live\/wp-json\/wp\/v2\/comments?post=973"}],"version-history":[{"count":0,"href":"https:\/\/larepublicanews.com.do\/live\/wp-json\/wp\/v2\/posts\/973\/revisions"}],"wp:featuredmedia":[{"embeddable":true,"href":"https:\/\/larepublicanews.com.do\/live\/wp-json\/wp\/v2\/media\/974"}],"wp:attachment":[{"href":"https:\/\/larepublicanews.com.do\/live\/wp-json\/wp\/v2\/media?parent=973"}],"wp:term":[{"taxonomy":"category","embeddable":true,"href":"https:\/\/larepublicanews.com.do\/live\/wp-json\/wp\/v2\/categories?post=973"},{"taxonomy":"post_tag","embeddable":true,"href":"https:\/\/larepublicanews.com.do\/live\/wp-json\/wp\/v2\/tags?post=973"}],"curies":[{"name":"wp","href":"https:\/\/api.w.org\/{rel}","templated":true}]}}