{"id":946,"date":"2019-11-20T23:58:44","date_gmt":"2019-11-20T23:58:44","guid":{"rendered":"http:\/\/diario24news.com\/hoy\/?p=946"},"modified":"2019-11-20T23:58:44","modified_gmt":"2019-11-20T23:58:44","slug":"leonel-dice-trabajara-sin-descanso-para-ganar-las-elecciones-de-2020-al-ser-inscrito-por-la-jce","status":"publish","type":"post","link":"https:\/\/larepublicanews.com.do\/live\/leonel-dice-trabajara-sin-descanso-para-ganar-las-elecciones-de-2020-al-ser-inscrito-por-la-jce\/","title":{"rendered":"Leonel dice trabajar\u00e1 sin descanso para ganar las elecciones de 2020 al ser inscrito por la JCE"},"content":{"rendered":"<p>Santo Domingo, RD<\/p>\n<p>Luego de que la Junta Central Electoral admitiera su candidatura presidencial por el Partido de los Trabajadores Dominicanos (PTD), el expresidente Leonel Fern\u00e1ndez, se\u00f1al\u00f3 que se inicia una nueva etapa y agradeci\u00f3 el privilegio de presentar las \u201ccausas justas\u201d del pueblo dominicano.<\/p>\n<p>A trav\u00e9s de su cuenta de Twitter, dijo que desde el gobierno llevar\u00e1 a cabo la segunda ola de transformaciones que necesita Rep\u00fablica Dominicana.<\/p>\n<p>\u201cAsumo el compromiso de trabajar sin descanso para ganar las elecciones del 2020 y desde el gobierno, llevar a cabo la segunda ola de transformaciones que necesita el pa\u00eds para que el progreso llegue a todas las familias dominicanas\u201d, escribi\u00f3 Fern\u00e1ndez.<\/p>\n<p>Aunque la JCE hab\u00eda informado que esperar\u00eda el fallo del Tribunal Constitucional, la aceptaci\u00f3n del exmandatario se produce luego de que el Tribunal Superior Electoral (TSE) fallara a favor de Fern\u00e1ndez se\u00f1alando que no tiene impedimento para ser candidato a la presidencia del pa\u00eds en las elecciones de 2020.<\/p>\n<p>Leonel Fern\u00e1ndez<\/p>\n<p>&#x2714;@LeonelFernandez<\/p>\n<blockquote class=\"twitter-tweet\" data-width=\"550\" data-dnt=\"true\">\n<p lang=\"es\" dir=\"ltr\">Se inicia una nueva etapa, en la que agradezco el privilegio de representar las justas causas de la inmensa mayor\u00eda del pueblo dominicano.<\/p>\n<p>&mdash; Leonel Fern\u00e1ndez (@LeonelFernandez) <a href=\"https:\/\/twitter.com\/LeonelFernandez\/status\/1197280689110102017?ref_src=twsrc%5Etfw\">November 20, 2019<\/a><\/p><\/blockquote>\n<p><script async src=\"https:\/\/platform.twitter.com\/widgets.js\" charset=\"utf-8\"><\/script><br \/>\n\u00b7<br \/>\nLeonel Fern\u00e1ndez<\/p>\n<p>&#x2714;@LeonelFernandez<\/p>\n<blockquote class=\"twitter-tweet\" data-width=\"550\" data-dnt=\"true\">\n<p lang=\"es\" dir=\"ltr\">Asumo el compromiso de trabajar sin descanso para ganar las elecciones del 2020 y desde el gobierno, llevar a cabo la segunda ola de transformaciones que necesita el pa\u00eds para que el progreso llegue a todas las familias dominicanas.<\/p>\n<p>\u00a1Con <a href=\"https:\/\/twitter.com\/hashtag\/LaFuerzaDelPueblo?src=hash&amp;ref_src=twsrc%5Etfw\">#LaFuerzaDelPueblo<\/a> venceremos! <a href=\"https:\/\/t.co\/EGnRWGglKW\">pic.twitter.com\/EGnRWGglKW<\/a><\/p>\n<p>&mdash; Leonel Fern\u00e1ndez (@LeonelFernandez) <a href=\"https:\/\/twitter.com\/LeonelFernandez\/status\/1197280702066282496?ref_src=twsrc%5Etfw\">November 20, 2019<\/a><\/p><\/blockquote>\n<p><script async src=\"https:\/\/platform.twitter.com\/widgets.js\" charset=\"utf-8\"><\/script><\/p>\n","protected":false},"excerpt":{"rendered":"<p>Santo Domingo, RD Luego de que la Junta Central Electoral admitiera su candidatura presidencial por el Partido de los Trabajadores Dominicanos (PTD), el expresidente Leonel Fern\u00e1ndez, se\u00f1al\u00f3 que se inicia una nueva etapa y agradeci\u00f3 el privilegio de presentar las \u201ccausas justas\u201d del pueblo dominicano. A trav\u00e9s de su cuenta de Twitter, dijo que desde el gobierno llevar\u00e1 a cabo la segunda ola de transformaciones que necesita Rep\u00fablica Dominicana. \u201cAsumo el compromiso de trabajar sin descanso para ganar las elecciones del 2020 y desde el gobierno, llevar a cabo la&hellip;<\/p>\n","protected":false},"author":3,"featured_media":947,"comment_status":"open","ping_status":"open","sticky":false,"template":"","format":"standard","meta":{"rop_custom_images_group":[],"rop_custom_messages_group":[],"rop_publish_now":"initial","rop_publish_now_accounts":[],"rop_publish_now_history":[],"rop_publish_now_status":"pending","footnotes":""},"categories":[12],"tags":[],"class_list":["post-946","post","type-post","status-publish","format-standard","has-post-thumbnail","hentry","category-elecciones-2020"],"_links":{"self":[{"href":"https:\/\/larepublicanews.com.do\/live\/wp-json\/wp\/v2\/posts\/946","targetHints":{"allow":["GET"]}}],"collection":[{"href":"https:\/\/larepublicanews.com.do\/live\/wp-json\/wp\/v2\/posts"}],"about":[{"href":"https:\/\/larepublicanews.com.do\/live\/wp-json\/wp\/v2\/types\/post"}],"author":[{"embeddable":true,"href":"https:\/\/larepublicanews.com.do\/live\/wp-json\/wp\/v2\/users\/3"}],"replies":[{"embeddable":true,"href":"https:\/\/larepublicanews.com.do\/live\/wp-json\/wp\/v2\/comments?post=946"}],"version-history":[{"count":0,"href":"https:\/\/larepublicanews.com.do\/live\/wp-json\/wp\/v2\/posts\/946\/revisions"}],"wp:featuredmedia":[{"embeddable":true,"href":"https:\/\/larepublicanews.com.do\/live\/wp-json\/wp\/v2\/media\/947"}],"wp:attachment":[{"href":"https:\/\/larepublicanews.com.do\/live\/wp-json\/wp\/v2\/media?parent=946"}],"wp:term":[{"taxonomy":"category","embeddable":true,"href":"https:\/\/larepublicanews.com.do\/live\/wp-json\/wp\/v2\/categories?post=946"},{"taxonomy":"post_tag","embeddable":true,"href":"https:\/\/larepublicanews.com.do\/live\/wp-json\/wp\/v2\/tags?post=946"}],"curies":[{"name":"wp","href":"https:\/\/api.w.org\/{rel}","templated":true}]}}