{"id":940,"date":"2019-11-20T18:12:18","date_gmt":"2019-11-20T18:12:18","guid":{"rendered":"http:\/\/diario24news.com\/hoy\/?p=940"},"modified":"2019-11-20T18:12:18","modified_gmt":"2019-11-20T18:12:18","slug":"jce-admite-la-candidatura-presidencial-leonel-fernandez","status":"publish","type":"post","link":"https:\/\/larepublicanews.com.do\/live\/jce-admite-la-candidatura-presidencial-leonel-fernandez\/","title":{"rendered":"JCE admite la candidatura presidencial Leonel Fern\u00e1ndez"},"content":{"rendered":"<p><strong>Santo Domingo<\/strong>.-\u00a0El pleno de la Junta Central Electoral (JCE), admiti\u00f3 este mi\u00e9rcoles la candidatura del expresidente Leonel Fern\u00e1ndez, por el Partido de los Trabajadores Dominicanos (PTD).<\/p>\n<p>\u201cPleno de la JCE admite la candidatura presidencial del doctor Leonel Fern\u00e1ndez por el Partido de los Trabajadores Dominicanos (PTD)\u201d, escribi\u00f3 el \u00f3rgano electoral en su cuenta de Twitter.<\/p>\n","protected":false},"excerpt":{"rendered":"<p>Santo Domingo.-\u00a0El pleno de la Junta Central Electoral (JCE), admiti\u00f3 este mi\u00e9rcoles la candidatura del expresidente Leonel Fern\u00e1ndez, por el Partido de los Trabajadores Dominicanos (PTD). \u201cPleno de la JCE admite la candidatura presidencial del doctor Leonel Fern\u00e1ndez por el Partido de los Trabajadores Dominicanos (PTD)\u201d, escribi\u00f3 el \u00f3rgano electoral en su cuenta de Twitter.<\/p>\n","protected":false},"author":3,"featured_media":941,"comment_status":"open","ping_status":"open","sticky":false,"template":"","format":"standard","meta":{"rop_custom_images_group":[],"rop_custom_messages_group":[],"rop_publish_now":"initial","rop_publish_now_accounts":[],"rop_publish_now_history":[],"rop_publish_now_status":"pending","footnotes":""},"categories":[12],"tags":[],"class_list":["post-940","post","type-post","status-publish","format-standard","has-post-thumbnail","hentry","category-elecciones-2020"],"_links":{"self":[{"href":"https:\/\/larepublicanews.com.do\/live\/wp-json\/wp\/v2\/posts\/940","targetHints":{"allow":["GET"]}}],"collection":[{"href":"https:\/\/larepublicanews.com.do\/live\/wp-json\/wp\/v2\/posts"}],"about":[{"href":"https:\/\/larepublicanews.com.do\/live\/wp-json\/wp\/v2\/types\/post"}],"author":[{"embeddable":true,"href":"https:\/\/larepublicanews.com.do\/live\/wp-json\/wp\/v2\/users\/3"}],"replies":[{"embeddable":true,"href":"https:\/\/larepublicanews.com.do\/live\/wp-json\/wp\/v2\/comments?post=940"}],"version-history":[{"count":0,"href":"https:\/\/larepublicanews.com.do\/live\/wp-json\/wp\/v2\/posts\/940\/revisions"}],"wp:featuredmedia":[{"embeddable":true,"href":"https:\/\/larepublicanews.com.do\/live\/wp-json\/wp\/v2\/media\/941"}],"wp:attachment":[{"href":"https:\/\/larepublicanews.com.do\/live\/wp-json\/wp\/v2\/media?parent=940"}],"wp:term":[{"taxonomy":"category","embeddable":true,"href":"https:\/\/larepublicanews.com.do\/live\/wp-json\/wp\/v2\/categories?post=940"},{"taxonomy":"post_tag","embeddable":true,"href":"https:\/\/larepublicanews.com.do\/live\/wp-json\/wp\/v2\/tags?post=940"}],"curies":[{"name":"wp","href":"https:\/\/api.w.org\/{rel}","templated":true}]}}