{"id":937,"date":"2019-11-19T22:50:01","date_gmt":"2019-11-19T22:50:01","guid":{"rendered":"http:\/\/diario24news.com\/hoy\/?p=937"},"modified":"2019-11-19T22:50:01","modified_gmt":"2019-11-19T22:50:01","slug":"alejandrina-german-dice-deberian-imponer-amonestacion-a-felucho-por-criticas-contra-felix-bautista","status":"publish","type":"post","link":"https:\/\/larepublicanews.com.do\/live\/alejandrina-german-dice-deberian-imponer-amonestacion-a-felucho-por-criticas-contra-felix-bautista\/","title":{"rendered":"Alejandrina Germ\u00e1n dice deber\u00edan imponer amonestaci\u00f3n a Felucho por cr\u00edticas contra F\u00e9lix Bautista"},"content":{"rendered":"<p>Por: Saulo Mota<br \/>\nSanto Domingo, RD<br \/>\nAlejandrina Germ\u00e1n, miembro del Comit\u00e9 Pol\u00edtico del Partido de la Liberaci\u00f3n Dominicana (PLD), expres\u00f3 este lunes que \u201cojal\u00e1 impusieran\u201d una amonestaci\u00f3n disciplinaria a F\u00e9lix \u201cFelucho\u201d Jim\u00e9nez, por las acusaciones hechas en contra de su compa\u00f1ero de partido, F\u00e9lix Bautista.<\/p>\n<p>\u201cHay pol\u00edticos que dominan las palabras, y hay pol\u00edticos que las palabras los dominan a ellos. Yo realmente creo que son confrontaciones innecesarias, que no tienen que ver con el proceso que estamos viviendo\u201d, dijo la tambi\u00e9n ministra de Educaci\u00f3n Superior, Ciencia y Tecnolog\u00eda sobre los comentarios de Jim\u00e9nez.<\/p>\n<p>Agreg\u00f3 que antes de acusar a alguien hay que tener pruebas, y que la actitud de Jim\u00e9nez \u201cno es la de un pelede\u00edsta\u201d.<\/p>\n<p>En una entrevista en el programa Hoy Mismo, canal 9, Felucho dijo que Bautista debi\u00f3 irse con Leonel Fern\u00e1ndez a la Fuerza del Pueblo \u201cporque \u00e9l dice que Leonel es su padre\u201d,\u00a0 a\u00f1adiendo que el senador de San Juan de la Maguana \u201cdeber\u00eda estar preso\u201d.<\/p>\n<p>Bautista respondi\u00f3 a trav\u00e9s de su cuenta de Twitter haciendo un llamado a Jim\u00e9nez para que presente cualquier prueba que tenga en su contra y lo invit\u00f3 a debatirla en el escenario que \u00e9l considere.<\/p>\n","protected":false},"excerpt":{"rendered":"<p>Por: Saulo Mota Santo Domingo, RD Alejandrina Germ\u00e1n, miembro del Comit\u00e9 Pol\u00edtico del Partido de la Liberaci\u00f3n Dominicana (PLD), expres\u00f3 este lunes que \u201cojal\u00e1 impusieran\u201d una amonestaci\u00f3n disciplinaria a F\u00e9lix \u201cFelucho\u201d Jim\u00e9nez, por las acusaciones hechas en contra de su compa\u00f1ero de partido, F\u00e9lix Bautista. \u201cHay pol\u00edticos que dominan las palabras, y hay pol\u00edticos que las palabras los dominan a ellos. Yo realmente creo que son confrontaciones innecesarias, que no tienen que ver con el proceso que estamos viviendo\u201d, dijo la tambi\u00e9n ministra de Educaci\u00f3n Superior, Ciencia y Tecnolog\u00eda sobre&hellip;<\/p>\n","protected":false},"author":3,"featured_media":938,"comment_status":"open","ping_status":"open","sticky":false,"template":"","format":"standard","meta":{"rop_custom_images_group":[],"rop_custom_messages_group":[],"rop_publish_now":"initial","rop_publish_now_accounts":[],"rop_publish_now_history":[],"rop_publish_now_status":"pending","footnotes":""},"categories":[12],"tags":[],"class_list":["post-937","post","type-post","status-publish","format-standard","has-post-thumbnail","hentry","category-elecciones-2020"],"_links":{"self":[{"href":"https:\/\/larepublicanews.com.do\/live\/wp-json\/wp\/v2\/posts\/937","targetHints":{"allow":["GET"]}}],"collection":[{"href":"https:\/\/larepublicanews.com.do\/live\/wp-json\/wp\/v2\/posts"}],"about":[{"href":"https:\/\/larepublicanews.com.do\/live\/wp-json\/wp\/v2\/types\/post"}],"author":[{"embeddable":true,"href":"https:\/\/larepublicanews.com.do\/live\/wp-json\/wp\/v2\/users\/3"}],"replies":[{"embeddable":true,"href":"https:\/\/larepublicanews.com.do\/live\/wp-json\/wp\/v2\/comments?post=937"}],"version-history":[{"count":0,"href":"https:\/\/larepublicanews.com.do\/live\/wp-json\/wp\/v2\/posts\/937\/revisions"}],"wp:featuredmedia":[{"embeddable":true,"href":"https:\/\/larepublicanews.com.do\/live\/wp-json\/wp\/v2\/media\/938"}],"wp:attachment":[{"href":"https:\/\/larepublicanews.com.do\/live\/wp-json\/wp\/v2\/media?parent=937"}],"wp:term":[{"taxonomy":"category","embeddable":true,"href":"https:\/\/larepublicanews.com.do\/live\/wp-json\/wp\/v2\/categories?post=937"},{"taxonomy":"post_tag","embeddable":true,"href":"https:\/\/larepublicanews.com.do\/live\/wp-json\/wp\/v2\/tags?post=937"}],"curies":[{"name":"wp","href":"https:\/\/api.w.org\/{rel}","templated":true}]}}