{"id":934,"date":"2019-11-18T21:40:30","date_gmt":"2019-11-18T21:40:30","guid":{"rendered":"http:\/\/diario24news.com\/hoy\/?p=934"},"modified":"2019-11-18T21:40:30","modified_gmt":"2019-11-18T21:40:30","slug":"tse-asegura-leonel-no-tiene-impedimento-constitucional-para-una-candidatura","status":"publish","type":"post","link":"https:\/\/larepublicanews.com.do\/live\/tse-asegura-leonel-no-tiene-impedimento-constitucional-para-una-candidatura\/","title":{"rendered":"TSE asegura Leonel no tiene impedimento constitucional para una candidatura"},"content":{"rendered":"<p>Santo Domingo, RD. El Tribunal Superior Electoral asegur\u00f3 en la tarde de este lunes que Leonel Fern\u00e1ndez no tiene impedimento constitucional para optar por una candidatura de elecci\u00f3n popular.<\/p>\n<p>&nbsp;<\/p>\n","protected":false},"excerpt":{"rendered":"<p>Santo Domingo, RD. El Tribunal Superior Electoral asegur\u00f3 en la tarde de este lunes que Leonel Fern\u00e1ndez no tiene impedimento constitucional para optar por una candidatura de elecci\u00f3n popular. &nbsp;<\/p>\n","protected":false},"author":3,"featured_media":935,"comment_status":"open","ping_status":"open","sticky":false,"template":"","format":"standard","meta":{"rop_custom_images_group":[],"rop_custom_messages_group":[],"rop_publish_now":"initial","rop_publish_now_accounts":[],"rop_publish_now_history":[],"rop_publish_now_status":"pending","footnotes":""},"categories":[12],"tags":[],"class_list":["post-934","post","type-post","status-publish","format-standard","has-post-thumbnail","hentry","category-elecciones-2020"],"_links":{"self":[{"href":"https:\/\/larepublicanews.com.do\/live\/wp-json\/wp\/v2\/posts\/934","targetHints":{"allow":["GET"]}}],"collection":[{"href":"https:\/\/larepublicanews.com.do\/live\/wp-json\/wp\/v2\/posts"}],"about":[{"href":"https:\/\/larepublicanews.com.do\/live\/wp-json\/wp\/v2\/types\/post"}],"author":[{"embeddable":true,"href":"https:\/\/larepublicanews.com.do\/live\/wp-json\/wp\/v2\/users\/3"}],"replies":[{"embeddable":true,"href":"https:\/\/larepublicanews.com.do\/live\/wp-json\/wp\/v2\/comments?post=934"}],"version-history":[{"count":0,"href":"https:\/\/larepublicanews.com.do\/live\/wp-json\/wp\/v2\/posts\/934\/revisions"}],"wp:featuredmedia":[{"embeddable":true,"href":"https:\/\/larepublicanews.com.do\/live\/wp-json\/wp\/v2\/media\/935"}],"wp:attachment":[{"href":"https:\/\/larepublicanews.com.do\/live\/wp-json\/wp\/v2\/media?parent=934"}],"wp:term":[{"taxonomy":"category","embeddable":true,"href":"https:\/\/larepublicanews.com.do\/live\/wp-json\/wp\/v2\/categories?post=934"},{"taxonomy":"post_tag","embeddable":true,"href":"https:\/\/larepublicanews.com.do\/live\/wp-json\/wp\/v2\/tags?post=934"}],"curies":[{"name":"wp","href":"https:\/\/api.w.org\/{rel}","templated":true}]}}