{"id":927,"date":"2019-11-16T13:07:47","date_gmt":"2019-11-16T13:07:47","guid":{"rendered":"http:\/\/diario24news.com\/hoy\/?p=927"},"modified":"2019-11-16T13:07:47","modified_gmt":"2019-11-16T13:07:47","slug":"inscriben-candidatura-presidencial-de-leonel-fernandez-en-la-jce","status":"publish","type":"post","link":"https:\/\/larepublicanews.com.do\/live\/inscriben-candidatura-presidencial-de-leonel-fernandez-en-la-jce\/","title":{"rendered":"Inscriben candidatura presidencial  de Leonel Fern\u00e1ndez en la JCE"},"content":{"rendered":"<p>Una coalici\u00f3n de partidos inscribi\u00f3 este<br \/>\nviernes la candidatura presidencial de<br \/>\nLeonel Fern\u00e1ndez por La Fuerza del Pueblo,<br \/>\nante la Junta Central Electoral (JCE).<\/p>\n<p>Radham\u00e9s Jim\u00e9nez, coordinador del<br \/>\nproyecto pol\u00edtico de Fern\u00e1ndez, reiter\u00f3 que<br \/>\nno existe ning\u00fan tipo de impedimento para<br \/>\nque Fern\u00e1ndez, expresidente del ofic\u00edal\u00edsta y<br \/>\ngobernante Partido de la Liberaci\u00f3n<br \/>\nDominicana (PLD), sea candidato.<\/p>\n<p>Afirm\u00f3 que todas las condiciones est\u00e1n<br \/>\ndadas para que Fern\u00e1ndez \u00abse convierta en<br \/>\nel pr\u00f3ximo presidente de la Rep\u00fablica\u00bb algo<br \/>\nque, seg\u00fan afirm\u00f3, \u00abanhela\u00bb la mayor\u00eda de los<br \/>\ndominicanos.<\/p>\n<p style=\"padding-left: 40px;\">\n","protected":false},"excerpt":{"rendered":"<p>Una coalici\u00f3n de partidos inscribi\u00f3 este viernes la candidatura presidencial de Leonel Fern\u00e1ndez por La Fuerza del Pueblo, ante la Junta Central Electoral (JCE). Radham\u00e9s Jim\u00e9nez, coordinador del proyecto pol\u00edtico de Fern\u00e1ndez, reiter\u00f3 que no existe ning\u00fan tipo de impedimento para que Fern\u00e1ndez, expresidente del ofic\u00edal\u00edsta y gobernante Partido de la Liberaci\u00f3n Dominicana (PLD), sea candidato. Afirm\u00f3 que todas las condiciones est\u00e1n dadas para que Fern\u00e1ndez \u00abse convierta en el pr\u00f3ximo presidente de la Rep\u00fablica\u00bb algo que, seg\u00fan afirm\u00f3, \u00abanhela\u00bb la mayor\u00eda de los dominicanos.<\/p>\n","protected":false},"author":3,"featured_media":928,"comment_status":"open","ping_status":"open","sticky":false,"template":"","format":"standard","meta":{"rop_custom_images_group":[],"rop_custom_messages_group":[],"rop_publish_now":"initial","rop_publish_now_accounts":[],"rop_publish_now_history":[],"rop_publish_now_status":"pending","footnotes":""},"categories":[19],"tags":[],"class_list":["post-927","post","type-post","status-publish","format-standard","has-post-thumbnail","hentry","category-la-fuerza-del-pueblo"],"_links":{"self":[{"href":"https:\/\/larepublicanews.com.do\/live\/wp-json\/wp\/v2\/posts\/927","targetHints":{"allow":["GET"]}}],"collection":[{"href":"https:\/\/larepublicanews.com.do\/live\/wp-json\/wp\/v2\/posts"}],"about":[{"href":"https:\/\/larepublicanews.com.do\/live\/wp-json\/wp\/v2\/types\/post"}],"author":[{"embeddable":true,"href":"https:\/\/larepublicanews.com.do\/live\/wp-json\/wp\/v2\/users\/3"}],"replies":[{"embeddable":true,"href":"https:\/\/larepublicanews.com.do\/live\/wp-json\/wp\/v2\/comments?post=927"}],"version-history":[{"count":0,"href":"https:\/\/larepublicanews.com.do\/live\/wp-json\/wp\/v2\/posts\/927\/revisions"}],"wp:featuredmedia":[{"embeddable":true,"href":"https:\/\/larepublicanews.com.do\/live\/wp-json\/wp\/v2\/media\/928"}],"wp:attachment":[{"href":"https:\/\/larepublicanews.com.do\/live\/wp-json\/wp\/v2\/media?parent=927"}],"wp:term":[{"taxonomy":"category","embeddable":true,"href":"https:\/\/larepublicanews.com.do\/live\/wp-json\/wp\/v2\/categories?post=927"},{"taxonomy":"post_tag","embeddable":true,"href":"https:\/\/larepublicanews.com.do\/live\/wp-json\/wp\/v2\/tags?post=927"}],"curies":[{"name":"wp","href":"https:\/\/api.w.org\/{rel}","templated":true}]}}