{"id":918,"date":"2019-11-15T02:22:53","date_gmt":"2019-11-15T02:22:53","guid":{"rendered":"http:\/\/diario24news.com\/hoy\/?p=918"},"modified":"2019-11-15T02:22:53","modified_gmt":"2019-11-15T02:22:53","slug":"fuerza-del-pueblo-se-opone-al-voto-automatizado-en-elecciones-municipales-2020","status":"publish","type":"post","link":"https:\/\/larepublicanews.com.do\/live\/fuerza-del-pueblo-se-opone-al-voto-automatizado-en-elecciones-municipales-2020\/","title":{"rendered":"Fuerza del Pueblo se opone al voto automatizado en elecciones municipales 2020"},"content":{"rendered":"<p>Por: Darielys Quezada\u00a0\u00a0|<br \/>\nSanto Domingo.-\u00a0El Partido de lo Trabajadores Dominicanos (PTD)\/ o Fuerza del Pueblo se opuso al uso del sistema de voto automatizado en su turno de participaci\u00f3n en la audiencia p\u00fablica en la que se debate el uso de esta tecnolog\u00eda en las elecciones municipales del febrero del 2020<\/p>\n<p>En representaci\u00f3n de esta organizaci\u00f3n habl\u00f3 el expresidente de la Rep\u00fablica, Rafael Alburqueque, quien pertenece al movimiento La Fuerza del Pueblo que encabeza Leonel Fern\u00e1ndez<\/p>\n<p>En su intervenci\u00f3n, Alburqueque hizo un llamado a todos los sectores de la sociedad dominicana y dem\u00e1s partidos pol\u00edticos a unirse a ese reclamo en una acci\u00f3n que tiene como finalidad proteger la democracia y evitar que el pa\u00eds salga de unas elecciones \u00absumido en una grave crisis de gobernabilidad y desconfianza hacia las instituciones p\u00fablicas\u00bb<\/p>\n<p>Dijo que el PTD y\/o Fuerza del Pueblo no est\u00e1 en contra del uso de esta tecnolog\u00eda como tal en los procesos electorales, pero que en el que fue confeccionado por t\u00e9cnicos por la Junta demostr\u00f3 una \u00abalta vulnerabilidad y deficiencias\u00bb en la aplicaci\u00f3n tecnol\u00f3gica (software) como en la integraci\u00f3n de los componentes del hardware, as\u00ed como en la transmisi\u00f3n y c\u00f3mputos de resultados<\/p>\n<p>&nbsp;<\/p>\n<p>El Caribe<\/p>\n","protected":false},"excerpt":{"rendered":"<p>Por: Darielys Quezada\u00a0\u00a0| Santo Domingo.-\u00a0El Partido de lo Trabajadores Dominicanos (PTD)\/ o Fuerza del Pueblo se opuso al uso del sistema de voto automatizado en su turno de participaci\u00f3n en la audiencia p\u00fablica en la que se debate el uso de esta tecnolog\u00eda en las elecciones municipales del febrero del 2020 En representaci\u00f3n de esta organizaci\u00f3n habl\u00f3 el expresidente de la Rep\u00fablica, Rafael Alburqueque, quien pertenece al movimiento La Fuerza del Pueblo que encabeza Leonel Fern\u00e1ndez En su intervenci\u00f3n, Alburqueque hizo un llamado a todos los sectores de la sociedad&hellip;<\/p>\n","protected":false},"author":3,"featured_media":919,"comment_status":"open","ping_status":"open","sticky":false,"template":"","format":"standard","meta":{"rop_custom_images_group":[],"rop_custom_messages_group":[],"rop_publish_now":"initial","rop_publish_now_accounts":[],"rop_publish_now_history":[],"rop_publish_now_status":"pending","footnotes":""},"categories":[12],"tags":[],"class_list":["post-918","post","type-post","status-publish","format-standard","has-post-thumbnail","hentry","category-elecciones-2020"],"_links":{"self":[{"href":"https:\/\/larepublicanews.com.do\/live\/wp-json\/wp\/v2\/posts\/918","targetHints":{"allow":["GET"]}}],"collection":[{"href":"https:\/\/larepublicanews.com.do\/live\/wp-json\/wp\/v2\/posts"}],"about":[{"href":"https:\/\/larepublicanews.com.do\/live\/wp-json\/wp\/v2\/types\/post"}],"author":[{"embeddable":true,"href":"https:\/\/larepublicanews.com.do\/live\/wp-json\/wp\/v2\/users\/3"}],"replies":[{"embeddable":true,"href":"https:\/\/larepublicanews.com.do\/live\/wp-json\/wp\/v2\/comments?post=918"}],"version-history":[{"count":0,"href":"https:\/\/larepublicanews.com.do\/live\/wp-json\/wp\/v2\/posts\/918\/revisions"}],"wp:featuredmedia":[{"embeddable":true,"href":"https:\/\/larepublicanews.com.do\/live\/wp-json\/wp\/v2\/media\/919"}],"wp:attachment":[{"href":"https:\/\/larepublicanews.com.do\/live\/wp-json\/wp\/v2\/media?parent=918"}],"wp:term":[{"taxonomy":"category","embeddable":true,"href":"https:\/\/larepublicanews.com.do\/live\/wp-json\/wp\/v2\/categories?post=918"},{"taxonomy":"post_tag","embeddable":true,"href":"https:\/\/larepublicanews.com.do\/live\/wp-json\/wp\/v2\/tags?post=918"}],"curies":[{"name":"wp","href":"https:\/\/api.w.org\/{rel}","templated":true}]}}