{"id":896,"date":"2019-11-11T10:17:46","date_gmt":"2019-11-11T10:17:46","guid":{"rendered":"http:\/\/diario24news.com\/hoy\/?p=896"},"modified":"2019-11-11T10:17:46","modified_gmt":"2019-11-11T10:17:46","slug":"gobierno-de-chile-anuncia-congreso-constituyente-para-elaborar-nueva-carta-magna","status":"publish","type":"post","link":"https:\/\/larepublicanews.com.do\/live\/gobierno-de-chile-anuncia-congreso-constituyente-para-elaborar-nueva-carta-magna\/","title":{"rendered":"Gobierno de Chile anuncia Congreso Constituyente para elaborar nueva carta magna"},"content":{"rendered":"<p>El gobierno de Chile ratific\u00f3 este domingo (10.11.2019) que pronto iniciar\u00e1n el proceso para una nueva Constituci\u00f3n a trav\u00e9s de un \u00abCongreso Constituyente\u00bb, con amplia participaci\u00f3n ciudadana y un plebiscito que lo ratifique, un giro que responde a una de las principales demandas tras el estallido social.<\/p>\n<p>El ministro del Interior, Gonzalo Blumel, hizo el anuncio luego de sostener una reuni\u00f3n en la casa del presidente Sebasti\u00e1n Pi\u00f1era con los l\u00edderes de Chile Vamos, una coalici\u00f3n pol\u00edtica que agrupa a cuatro partidos de centroderecha y derecha, que hasta ahora eran los m\u00e1s reticentes a un cambio profundo de la carta fundamental heredada de la dictadura de Augusto Pinochet (1973-90).<\/p>\n<p>Conversaciones con diferentes sectores<\/p>\n<p>\u00abCreemos que el mejor camino es trabajar bajo la base de un congreso constituyente\u201d, se\u00f1al\u00f3 Blumel, al tiempo que asegur\u00f3 que tambi\u00e9n se trabajar\u00e1 en la instalaci\u00f3n de un plebiscito, mediante el cual se ratifique los cambios que se generen en ese congreso. Para eso dijo que se comenzar\u00e1 \u00abun proceso de di\u00e1logos, de conversaciones, amplio con todos los sectores y las fuerzas sociales y pol\u00edticas para poder conseguir los m\u00e1s amplios acuerdos\u201d.<\/p>\n<p>El gobernante, ahora, ve necesario un cambio de Constituci\u00f3n y accedi\u00f3 a buscar un mecanismo para hacerlo por la presi\u00f3n social en su pa\u00eds.<br \/>\nRespecto al tiempo en que dar\u00e1 inicio a todo ese proceso dijo: \u00abLos plazos los tenemos que abordar responsablemente, queremos hacerlo con prontitud\u201d.<\/p>\n<p>El pasado s\u00e1bado el gobernante chileno anunci\u00f3 que se trabajar\u00eda en un cambio profundo a la Constituci\u00f3n, como lo demandaron diferentes sectores vinculados a las protestas que desde inicios de octubre se registran en ese pa\u00eds.<\/p>\n<p>mg (afp, La Tercera)<\/p>\n","protected":false},"excerpt":{"rendered":"<p>El gobierno de Chile ratific\u00f3 este domingo (10.11.2019) que pronto iniciar\u00e1n el proceso para una nueva Constituci\u00f3n a trav\u00e9s de un \u00abCongreso Constituyente\u00bb, con amplia participaci\u00f3n ciudadana y un plebiscito que lo ratifique, un giro que responde a una de las principales demandas tras el estallido social. El ministro del Interior, Gonzalo Blumel, hizo el anuncio luego de sostener una reuni\u00f3n en la casa del presidente Sebasti\u00e1n Pi\u00f1era con los l\u00edderes de Chile Vamos, una coalici\u00f3n pol\u00edtica que agrupa a cuatro partidos de centroderecha y derecha, que hasta ahora eran&hellip;<\/p>\n","protected":false},"author":3,"featured_media":897,"comment_status":"open","ping_status":"open","sticky":false,"template":"","format":"standard","meta":{"rop_custom_images_group":[],"rop_custom_messages_group":[],"rop_publish_now":"initial","rop_publish_now_accounts":[],"rop_publish_now_history":[],"rop_publish_now_status":"pending","footnotes":""},"categories":[18],"tags":[],"class_list":["post-896","post","type-post","status-publish","format-standard","has-post-thumbnail","hentry","category-world"],"_links":{"self":[{"href":"https:\/\/larepublicanews.com.do\/live\/wp-json\/wp\/v2\/posts\/896","targetHints":{"allow":["GET"]}}],"collection":[{"href":"https:\/\/larepublicanews.com.do\/live\/wp-json\/wp\/v2\/posts"}],"about":[{"href":"https:\/\/larepublicanews.com.do\/live\/wp-json\/wp\/v2\/types\/post"}],"author":[{"embeddable":true,"href":"https:\/\/larepublicanews.com.do\/live\/wp-json\/wp\/v2\/users\/3"}],"replies":[{"embeddable":true,"href":"https:\/\/larepublicanews.com.do\/live\/wp-json\/wp\/v2\/comments?post=896"}],"version-history":[{"count":0,"href":"https:\/\/larepublicanews.com.do\/live\/wp-json\/wp\/v2\/posts\/896\/revisions"}],"wp:featuredmedia":[{"embeddable":true,"href":"https:\/\/larepublicanews.com.do\/live\/wp-json\/wp\/v2\/media\/897"}],"wp:attachment":[{"href":"https:\/\/larepublicanews.com.do\/live\/wp-json\/wp\/v2\/media?parent=896"}],"wp:term":[{"taxonomy":"category","embeddable":true,"href":"https:\/\/larepublicanews.com.do\/live\/wp-json\/wp\/v2\/categories?post=896"},{"taxonomy":"post_tag","embeddable":true,"href":"https:\/\/larepublicanews.com.do\/live\/wp-json\/wp\/v2\/tags?post=896"}],"curies":[{"name":"wp","href":"https:\/\/api.w.org\/{rel}","templated":true}]}}