{"id":893,"date":"2019-11-11T02:08:59","date_gmt":"2019-11-11T02:08:59","guid":{"rendered":"http:\/\/diario24news.com\/hoy\/?p=893"},"modified":"2019-11-11T02:08:59","modified_gmt":"2019-11-11T02:08:59","slug":"opositores-saquean-y-vandalizan-la-casa-de-evo-morales-y-sus-exministros-en-bolivia","status":"publish","type":"post","link":"https:\/\/larepublicanews.com.do\/live\/opositores-saquean-y-vandalizan-la-casa-de-evo-morales-y-sus-exministros-en-bolivia\/","title":{"rendered":"Opositores saquean y vandalizan la casa de Evo Morales y sus exministros en Bolivia"},"content":{"rendered":"<p>En redes sociales han circulado videos que evidencian la irrupci\u00f3n violenta de los grupos opositores a la residencia del exmandatario y su equipo pol\u00edtico.<\/p>\n<p>Minutos despu\u00e9s de que Evo Morales anunciara su dimisi\u00f3n a la presidencia de Bolivia, grupos de opositores irrumpieron en su residencia en Cochabamba para saquearla y quemar las pertenencias https:\/\/t.co\/nz3hQ04tSd<\/p>\n<p>Gabriela Monta\u00f1o, quien fuese la ministra de Salud boliviana, denunci\u00f3 a trav\u00e9s de su cuenta de Twitter la irrupci\u00f3n\u00a0en el domicilio del ahora expresidente: \u00abla oposici\u00f3n hizo saquear la casa del Evo.\u00a0\u00bfQu\u00e9 quieren? Basta de violencia\u00bb.<\/p>\n<p>D\u00edas atr\u00e1s, la propia Monta\u00f1o fue v\u00edctima de vandalismo en su casa. La entonces ministra hizo un video en el que mostr\u00f3 los destrozos a su domicilio: \u00abesa es la &#8216;no violencia&#8217; del se\u00f1or Carlos Mesa, del se\u00f1or Camacho, del se\u00f1or Albarrac\u00edn. Eso es acoso, violencia pol\u00edtica\u00bb, acus\u00f3 la exfuncionaria.<\/p>\n<p>Este domingo, en redes sociales circularon videos en los que se muestra c\u00f3mo un grupo de violentos sacan\u00a0objetos de la residencia de Morales, entre ellos un cuadro, y los queman\u00a0en una hoguera.<\/p>\n<p>#LTahora #Cochabamba<br \/>\nVecinos vigilan la casa de @evoespueblo, sacan algunos cuadros y los queman en la calle. https:\/\/t.co\/tDMivZWRze<\/p>\n<p>Adem\u00e1s de la casa de Morales, medios locales reportaron im\u00e1genes de los destrozos a\u00a0la casa del\u00a0ministro de la Presidencia, Juan Ram\u00f3n Quintana.<\/p>\n<p>Durante la jornada de este domingo, otros ministros presentaron su dimisi\u00f3n tras ser coaccionados por grupos opositores violentos. Tal fue el caso del titular de Miner\u00eda, C\u00e9sar Navarro, quien dej\u00f3 el cargo de manera \u00abirrevocable\u00bb despu\u00e9s que\u00a0una turba\u00a0incendiara su casa\u00a0en la ciudad andina de Potos\u00ed.<\/p>\n<p>El mandatario boliviano present\u00f3 este domingo su dimisi\u00f3n argumentando que lo hac\u00eda para evitar un ba\u00f1o de sangre en su pa\u00eds. Por esa raz\u00f3n, exigi\u00f3 a la oposici\u00f3n que cesara la persecuci\u00f3n de l\u00edderes sindicales, la quema de casa de exfuncionarios p\u00fablicos y el hostigamiento contra los dirigentes ind\u00edgenas.<\/p>\n<p>Al seguir los pasos de Evo Morales, \u00c1lvaro Garc\u00eda Linera ha\u00a0comunicado\u00a0que se siente \u00abmuy orgulloso de haber sido vicepresidente de un ind\u00edgena, de un campesino\u00bb y \u00absiempre\u00bb le ser\u00e1 \u00ableal\u00bb y estar\u00e1 \u00aba su lado, acompa\u00f1\u00e1ndolo\u00a0en las buenas y en las malas\u00bb.<\/p>\n<p>Garc\u00eda Linera, que tambi\u00e9n ha renunciado a su cargo de\u00a0presidente nato de la Asamblea Legislativa, destac\u00f3 que no deseaban \u00abrestablecer el orden constitucional en base a la sangre y al fuego\u00bb y confirm\u00f3 que\u00a0\u00abel golpe de Estado se ha consumado\u00bb.<\/p>\n","protected":false},"excerpt":{"rendered":"<p>En redes sociales han circulado videos que evidencian la irrupci\u00f3n violenta de los grupos opositores a la residencia del exmandatario y su equipo pol\u00edtico. Minutos despu\u00e9s de que Evo Morales anunciara su dimisi\u00f3n a la presidencia de Bolivia, grupos de opositores irrumpieron en su residencia en Cochabamba para saquearla y quemar las pertenencias https:\/\/t.co\/nz3hQ04tSd Gabriela Monta\u00f1o, quien fuese la ministra de Salud boliviana, denunci\u00f3 a trav\u00e9s de su cuenta de Twitter la irrupci\u00f3n\u00a0en el domicilio del ahora expresidente: \u00abla oposici\u00f3n hizo saquear la casa del Evo.\u00a0\u00bfQu\u00e9 quieren? Basta de violencia\u00bb.&hellip;<\/p>\n","protected":false},"author":3,"featured_media":894,"comment_status":"open","ping_status":"open","sticky":false,"template":"","format":"standard","meta":{"rop_custom_images_group":[],"rop_custom_messages_group":[],"rop_publish_now":"initial","rop_publish_now_accounts":[],"rop_publish_now_history":[],"rop_publish_now_status":"pending","footnotes":""},"categories":[18],"tags":[],"class_list":["post-893","post","type-post","status-publish","format-standard","has-post-thumbnail","hentry","category-world"],"_links":{"self":[{"href":"https:\/\/larepublicanews.com.do\/live\/wp-json\/wp\/v2\/posts\/893","targetHints":{"allow":["GET"]}}],"collection":[{"href":"https:\/\/larepublicanews.com.do\/live\/wp-json\/wp\/v2\/posts"}],"about":[{"href":"https:\/\/larepublicanews.com.do\/live\/wp-json\/wp\/v2\/types\/post"}],"author":[{"embeddable":true,"href":"https:\/\/larepublicanews.com.do\/live\/wp-json\/wp\/v2\/users\/3"}],"replies":[{"embeddable":true,"href":"https:\/\/larepublicanews.com.do\/live\/wp-json\/wp\/v2\/comments?post=893"}],"version-history":[{"count":0,"href":"https:\/\/larepublicanews.com.do\/live\/wp-json\/wp\/v2\/posts\/893\/revisions"}],"wp:featuredmedia":[{"embeddable":true,"href":"https:\/\/larepublicanews.com.do\/live\/wp-json\/wp\/v2\/media\/894"}],"wp:attachment":[{"href":"https:\/\/larepublicanews.com.do\/live\/wp-json\/wp\/v2\/media?parent=893"}],"wp:term":[{"taxonomy":"category","embeddable":true,"href":"https:\/\/larepublicanews.com.do\/live\/wp-json\/wp\/v2\/categories?post=893"},{"taxonomy":"post_tag","embeddable":true,"href":"https:\/\/larepublicanews.com.do\/live\/wp-json\/wp\/v2\/tags?post=893"}],"curies":[{"name":"wp","href":"https:\/\/api.w.org\/{rel}","templated":true}]}}