{"id":888,"date":"2019-11-10T14:56:37","date_gmt":"2019-11-10T14:56:37","guid":{"rendered":"http:\/\/diario24news.com\/hoy\/?p=888"},"modified":"2019-11-10T14:56:37","modified_gmt":"2019-11-10T14:56:37","slug":"leonel-en-barahona-juramenta-peledeistas-que-pasan-a-la-fuerza-del-pueblo","status":"publish","type":"post","link":"https:\/\/larepublicanews.com.do\/live\/leonel-en-barahona-juramenta-peledeistas-que-pasan-a-la-fuerza-del-pueblo\/","title":{"rendered":"Leonel en Barahona Juramenta Peledeistas que pasan a \u00abLa Fuerza del Pueblo\u00bb"},"content":{"rendered":"<p style=\"padding-left: 40px;\">\n<p>El expresidente Leonel Fern\u00e1ndez continuar\u00e1 hoy encabezando actos de renuncias de cientos de pelede\u00edstas de Barahona y otras provincias del sur, quienes pasar\u00e1n a formar filas en La Fuerza del Pueblo (LFP), que lidera el exjefe de Estado.<\/p>\n<p>La actividad iniciar\u00e1 a partir de las 10:30 de la ma\u00f1ana en el restaurante La Roca. con renuncias masivas de pelede\u00edstas de Barahona, Pedernales, Baoruco, Independencia, El\u00edas P\u00ed\u00f1a y San Juan.<\/p>\n<p>En tanto que ma\u00f1ana lunes a partir de las 4:30 de la tarde, el l\u00edder de La Fuerza del Pueblo estar\u00e1 en La Vega encabezando la juramentaci\u00f3n de los nuevos integrantes de la organizaci\u00f3n opositora, quienes renunciaron del PLD.<\/p>\n<p>Se espera que en la actividad se concentren cientos de militantes de la referida provincia, as\u00ed como tambi\u00e9n de Hermanas Mirabal, Monse\u00f1or Nouel y Espaillat.<\/p>\n<p>El mi\u00e9rcoles 13 de septiembre, Fern\u00e1ndez tambi\u00e9n encabezar\u00e1 actos de renuncias masivas a partir de las 4:30 de la tarde en la provincia Duarte y el viernes a la misma hora en Valverde.<\/p>\n<p>El domingo 17 de septiembre el presidente de La Fuerza del Pueblo encabezar\u00e1 a las 10:30 de la ma\u00f1ana en el pabell\u00f3n de Karate del Centro Ol\u00edmpico, el acto de renuncia de pelede\u00edstas del Distrito Nacional, provincias Santo Domingo y Monte Plata. Esta actividad hab\u00eda sido pospuesta por el deceso del padre del presidente Danilo Medina.<\/p>\n<p>El mi\u00e9rcoles 20 de septiembre Fern\u00e1ndez estar\u00e1 a partir de las 4:30 de la tarde en San Pedro de Macor\u00eds, encabezando tambi\u00e9n un acto de renuncias de pelede\u00edstas de la citada provincia, as\u00ed como tambi\u00e9n de La Romana, Hato Mayor y El Seibo.<br \/>\nLo propio har\u00e1 el jueves 21 de septiembre en la provincia Santiago, donde juramentar\u00e1 a los pelede\u00edstas de dicha provincia y otras cercanas, quienes formar\u00e1n parte de La Fuerza del Pueblo.<\/p>\n<p>El pasado 6 de noviembre, D\u00eda de la Constituci\u00f3n, el l\u00edder de La Fuerza del Pueblo jurament\u00f3 a cientos de pelede\u00edstas en San Crist\u00f3bal, que renunciaron de las filas del PLD.<\/p>\n<p>La Fuerza del Pueblo<\/p>\n<p>Tras una militancia de 46 a\u00f1os en el Partido de la Liberaci\u00f3n Dominicana (PLD), organizaci\u00f3n pol\u00edtica por la que fue presidente de la Rep\u00fablica en tres ocasiones, la noche del 19 de octubre Leonel Fern\u00e1ndez anunci\u00f3 al pa\u00eds su renuncia del PLD al denunciar una serie de acciones fraudulentas cometidas en su perjuicio durante las primarias del partido morado y aprovech\u00f3 para dar a conocer su proyecto La Fuerza del Pueblo.<\/p>\n","protected":false},"excerpt":{"rendered":"<p>El expresidente Leonel Fern\u00e1ndez continuar\u00e1 hoy encabezando actos de renuncias de cientos de pelede\u00edstas de Barahona y otras provincias del sur, quienes pasar\u00e1n a formar filas en La Fuerza del Pueblo (LFP), que lidera el exjefe de Estado. La actividad iniciar\u00e1 a partir de las 10:30 de la ma\u00f1ana en el restaurante La Roca. con renuncias masivas de pelede\u00edstas de Barahona, Pedernales, Baoruco, Independencia, El\u00edas P\u00ed\u00f1a y San Juan. En tanto que ma\u00f1ana lunes a partir de las 4:30 de la tarde, el l\u00edder de La Fuerza del Pueblo estar\u00e1&hellip;<\/p>\n","protected":false},"author":3,"featured_media":890,"comment_status":"open","ping_status":"open","sticky":false,"template":"","format":"standard","meta":{"rop_custom_images_group":[],"rop_custom_messages_group":[],"rop_publish_now":"initial","rop_publish_now_accounts":[],"rop_publish_now_history":[],"rop_publish_now_status":"pending","footnotes":""},"categories":[1],"tags":[],"class_list":["post-888","post","type-post","status-publish","format-standard","has-post-thumbnail","hentry","category-sin-categoria"],"_links":{"self":[{"href":"https:\/\/larepublicanews.com.do\/live\/wp-json\/wp\/v2\/posts\/888","targetHints":{"allow":["GET"]}}],"collection":[{"href":"https:\/\/larepublicanews.com.do\/live\/wp-json\/wp\/v2\/posts"}],"about":[{"href":"https:\/\/larepublicanews.com.do\/live\/wp-json\/wp\/v2\/types\/post"}],"author":[{"embeddable":true,"href":"https:\/\/larepublicanews.com.do\/live\/wp-json\/wp\/v2\/users\/3"}],"replies":[{"embeddable":true,"href":"https:\/\/larepublicanews.com.do\/live\/wp-json\/wp\/v2\/comments?post=888"}],"version-history":[{"count":0,"href":"https:\/\/larepublicanews.com.do\/live\/wp-json\/wp\/v2\/posts\/888\/revisions"}],"wp:featuredmedia":[{"embeddable":true,"href":"https:\/\/larepublicanews.com.do\/live\/wp-json\/wp\/v2\/media\/890"}],"wp:attachment":[{"href":"https:\/\/larepublicanews.com.do\/live\/wp-json\/wp\/v2\/media?parent=888"}],"wp:term":[{"taxonomy":"category","embeddable":true,"href":"https:\/\/larepublicanews.com.do\/live\/wp-json\/wp\/v2\/categories?post=888"},{"taxonomy":"post_tag","embeddable":true,"href":"https:\/\/larepublicanews.com.do\/live\/wp-json\/wp\/v2\/tags?post=888"}],"curies":[{"name":"wp","href":"https:\/\/api.w.org\/{rel}","templated":true}]}}