{"id":882,"date":"2019-11-10T02:02:15","date_gmt":"2019-11-10T02:02:15","guid":{"rendered":"http:\/\/diario24news.com\/hoy\/?p=882"},"modified":"2019-11-10T02:02:15","modified_gmt":"2019-11-10T02:02:15","slug":"renuncia-del-pld-el-unico-diputado-de-ese-partido-en-estados-unidos-para-apoyar-a-leonel-fernandez","status":"publish","type":"post","link":"https:\/\/larepublicanews.com.do\/live\/renuncia-del-pld-el-unico-diputado-de-ese-partido-en-estados-unidos-para-apoyar-a-leonel-fernandez\/","title":{"rendered":"Renuncia del PLD el \u00fanico diputado de ese partido en Estados Unidos para apoyar a Leonel Fern\u00e1ndez"},"content":{"rendered":"<p>Por:\u00a0Ram\u00f3n Mercedes<\/p>\n<p>El \u00fanico diputado del\u00a0Partido de la Liberaci\u00f3n Dominicana\u00a0(PLD) en los Estados Unidos y Canad\u00e1,\u00a0Alfredo Rodr\u00edguez, present\u00f3 su renuncia de esa organizaci\u00f3n a partir de esta fecha para apoyar el ex presidente\u00a0Leonel Fern\u00e1ndez\u00a0en su nuevo partido Fuerza del Pueblo (FP).<\/p>\n<p>Rodr\u00edguez, diputado por la circunscripci\u00f3n 1 que abarca los estados de Nueva York, Nueva Jersey, Connecticut, Pensilvania, Maryland, Delaware, Carolina del Norte y Sur, Massachusetts, Rhode Island y la capital Washington DC, entre otros lugares, en documento de prensa sostiene que ha pertenecido al PLD desde 1995, asumiendo la ideolog\u00eda y principios del maestro Juan Bosch.<\/p>\n<p>A\u00f1ade, en su carta al secretario general del PLD, Reinaldo Pared P\u00e9rez, que en su vida \u00fanicamente ha pertenecido a ese partido y en el 2005 fue escogido como miembro del Comit\u00e9 Central (CC), posteriormente encargado de finanzas de la Seccional de NY y desde 2012 hasta la fecha elegido como diputado de Ultramar.<\/p>\n<p>El legislador, en declaraciones a este reportero, especific\u00f3 que renuncia para pasar a formar parte de FP liderado por el doctor Leonel Fern\u00e1ndez y defender las generosas causas nacionales por las que aboga.<\/p>\n<p>Adem\u00e1s \u201cpor los atropellos ocasionados en los \u00faltimos tiempos a lo interno de nuestro partido, afectando a su vez a la comunidad dominicana y teniendo como consecuencia el detrimento de los objetivos fundamentales de nuestro fundador, el profesor Bosch\u201d.<\/p>\n<p>Explic\u00f3 que su accionar pol\u00edtico ahora lo redoblar\u00e1 a favor del ex mandatario en los estados que representa en EE.UU porque \u201cnuestra RD merece un futuro mejor\u201d, concluy\u00f3.<\/p>\n<p>Otros diputados que han renunciado del PLD para apoyar a Fernandez son Rub\u00e9n Maldonado, Henry Mer\u00e1n, Dem\u00f3stenes Mart\u00ednez, Jos\u00e9 Luis Comes; Orlando Espinosa, Adalgisa F\u00e1tima Pujols, Juan Carlos Qui\u00f1ones, Juan Compr\u00e9s, Marcos Cross, Levin Suriel y Noris Medina.<\/p>\n<p>Asimismo los dirigentes del Comit\u00e9 Pol\u00edtico (CP) Franklyn Almeyda y Bautista Rojas G\u00f3mez; Roberto Rosario y Freddy P\u00e9rez del Comit\u00e9 Central (CC); el exsecretario de Medio Ambiente del partido, Pa\u00edno Abreu; el alcalde por Dajab\u00f3n, Miguel Cruz, renunci\u00f3 del partido y tambi\u00e9n C\u00e9sar Saint Hilaire, exalcalde de Sabaneta, Santiago Rodr\u00edguez.<\/p>\n<p>Del gobierno han renunciado para apoyar a Fern\u00e1ndez Joaqu\u00edn Ger\u00f3nimo como embajador en Cuba, Gustavo Rojas Lara como director ejecutivo de la Comisi\u00f3n Presidencial de Pol\u00edtica Farmac\u00e9utica Nacional, Jos\u00e9 Francisco Pe\u00f1a Guaba, ministro de Estado y asistente del presidente Medina.<\/p>\n<p>Asimismo, Inocencio Garc\u00eda Javier, viceministro de Cooperaci\u00f3n Internacional del Ministerio de Econom\u00eda y Planificaci\u00f3n y Desarrollo (MPEyD) y Enmanuel Trinidad Puello, Vice Ministro de Deportes, entre otros.<\/p>\n<p>&nbsp;<\/p>\n","protected":false},"excerpt":{"rendered":"<p>Por:\u00a0Ram\u00f3n Mercedes El \u00fanico diputado del\u00a0Partido de la Liberaci\u00f3n Dominicana\u00a0(PLD) en los Estados Unidos y Canad\u00e1,\u00a0Alfredo Rodr\u00edguez, present\u00f3 su renuncia de esa organizaci\u00f3n a partir de esta fecha para apoyar el ex presidente\u00a0Leonel Fern\u00e1ndez\u00a0en su nuevo partido Fuerza del Pueblo (FP). Rodr\u00edguez, diputado por la circunscripci\u00f3n 1 que abarca los estados de Nueva York, Nueva Jersey, Connecticut, Pensilvania, Maryland, Delaware, Carolina del Norte y Sur, Massachusetts, Rhode Island y la capital Washington DC, entre otros lugares, en documento de prensa sostiene que ha pertenecido al PLD desde 1995, asumiendo la&hellip;<\/p>\n","protected":false},"author":3,"featured_media":883,"comment_status":"open","ping_status":"open","sticky":false,"template":"","format":"standard","meta":{"rop_custom_images_group":[],"rop_custom_messages_group":[],"rop_publish_now":"initial","rop_publish_now_accounts":[],"rop_publish_now_history":[],"rop_publish_now_status":"pending","footnotes":""},"categories":[12],"tags":[],"class_list":["post-882","post","type-post","status-publish","format-standard","has-post-thumbnail","hentry","category-elecciones-2020"],"_links":{"self":[{"href":"https:\/\/larepublicanews.com.do\/live\/wp-json\/wp\/v2\/posts\/882","targetHints":{"allow":["GET"]}}],"collection":[{"href":"https:\/\/larepublicanews.com.do\/live\/wp-json\/wp\/v2\/posts"}],"about":[{"href":"https:\/\/larepublicanews.com.do\/live\/wp-json\/wp\/v2\/types\/post"}],"author":[{"embeddable":true,"href":"https:\/\/larepublicanews.com.do\/live\/wp-json\/wp\/v2\/users\/3"}],"replies":[{"embeddable":true,"href":"https:\/\/larepublicanews.com.do\/live\/wp-json\/wp\/v2\/comments?post=882"}],"version-history":[{"count":0,"href":"https:\/\/larepublicanews.com.do\/live\/wp-json\/wp\/v2\/posts\/882\/revisions"}],"wp:featuredmedia":[{"embeddable":true,"href":"https:\/\/larepublicanews.com.do\/live\/wp-json\/wp\/v2\/media\/883"}],"wp:attachment":[{"href":"https:\/\/larepublicanews.com.do\/live\/wp-json\/wp\/v2\/media?parent=882"}],"wp:term":[{"taxonomy":"category","embeddable":true,"href":"https:\/\/larepublicanews.com.do\/live\/wp-json\/wp\/v2\/categories?post=882"},{"taxonomy":"post_tag","embeddable":true,"href":"https:\/\/larepublicanews.com.do\/live\/wp-json\/wp\/v2\/tags?post=882"}],"curies":[{"name":"wp","href":"https:\/\/api.w.org\/{rel}","templated":true}]}}