{"id":879,"date":"2019-11-09T22:23:38","date_gmt":"2019-11-09T22:23:38","guid":{"rendered":"http:\/\/diario24news.com\/hoy\/?p=879"},"modified":"2019-11-09T22:23:38","modified_gmt":"2019-11-09T22:23:38","slug":"florida-mas-del-85-dirigencia-peledeista-se-juramenta-en-la-fuerza-del-pueblo","status":"publish","type":"post","link":"https:\/\/larepublicanews.com.do\/live\/florida-mas-del-85-dirigencia-peledeista-se-juramenta-en-la-fuerza-del-pueblo\/","title":{"rendered":"FLORIDA: M\u00e1s del 85% dirigencia pelede\u00edsta se juramenta en La Fuerza del Pueblo"},"content":{"rendered":"<p style=\"padding-left: 40px;\">MIAMI.- Cerca del 90 por ciento de la militancia del Partido de la Liberaci\u00f3n Dominicana en el estado de la Florida renunci\u00f3 a la oficialista organizaci\u00f3n pol\u00edtica para juramentarse en La Fuerza del Pueblo, reci\u00e9n creada por Leonel Fern\u00e1ndez.<\/p>\n<p>Una delegaci\u00f3n encabezada por Rafael Camilo, miembro de la direcci\u00f3n ejecutiva del nuevo partido; el legislador Levis Suriel, el enlace Manuel Alm\u00e1nzar, y el coordinador general del proyecto Leonel Fern\u00e1ndez 2020 de la Florida, Tom\u00e1s Pe\u00f1a, juramentaron a los nuevos integrantes.<\/p>\n<p>El diputado Suriel adelant\u00f3 que lo ocurrido en este Estado se replicar\u00e1 en la circunscripci\u00f3n n\u00famero dos del exterior y en todas las demarcaciones en donde residan dominicanos, quienes a su juicio la di\u00e1spora dominicana tiene una alta valoraci\u00f3n del expresidente Fern\u00e1ndez.<\/p>\n<p>Dijo que la renuncia generalizada de la militancia del PLD para registrarse en La Fuerza del Pueblo, obedece al firme liderazgo del tres veces presidente de la Rep\u00fablica Dominicana.<\/p>\n<p>\u201cLa cantidad de peledeistas que se han ido a formar parte de La Fuerza del Pueblo es tan numerosa que s\u00f3lo queda el cascar\u00f3n del viejo partido, lo que evidencia que el verdadero l\u00edder del pa\u00eds se llama Leonel Fern\u00e1ndez\u201d, expres\u00f3 Suriel.<\/p>\n<p>En el recorrido por Miami, Tampa, Orlando, Fort Myers, Broward y West Palm Beach, que tuvo como finalidad organizar la estructura org\u00e1nica de la nueva entidad participaron los coordinadores Tom\u00e1s Pe\u00f1a, Aridio Genao, Eduardo, Mall\u00e9n, Alcides Vargas y Jacqueline Taveras, candidata a diputada por dicha circunscripci\u00f3n.<\/p>\n<p>Finalmente, Suriel resalt\u00f3 que la presencia de La Fuerza del Pueblo en la Florida, se puede resaltar por los m\u00e1s connotados l\u00edderes pol\u00edticos del viejo PLD que han pasado a formarla.<\/p>\n<p>Cit\u00f3 entre ellos a Eduardo Mall\u00e9n, Alcides Vargas, Fidel Aquino, Aridio Genao, H\u00e9ctor Pe\u00f1a, Leocadio S\u00e1nchez, Jos\u00e9 Abud, Joaqu\u00edn Pujol, Daniel M\u00e9ndez, Iv\u00e1n Grull\u00f3n, as\u00ed como tambi\u00e9n, Jos\u00e9 Ma\u00f1an\u00e1, el empresario Edy G\u00f3mez, y Tom\u00e1s Pe\u00f1a quien es el Coordinador de la Florida.<\/p>\n<p>wj\/am<\/p>\n","protected":false},"excerpt":{"rendered":"<p>MIAMI.- Cerca del 90 por ciento de la militancia del Partido de la Liberaci\u00f3n Dominicana en el estado de la Florida renunci\u00f3 a la oficialista organizaci\u00f3n pol\u00edtica para juramentarse en La Fuerza del Pueblo, reci\u00e9n creada por Leonel Fern\u00e1ndez. Una delegaci\u00f3n encabezada por Rafael Camilo, miembro de la direcci\u00f3n ejecutiva del nuevo partido; el legislador Levis Suriel, el enlace Manuel Alm\u00e1nzar, y el coordinador general del proyecto Leonel Fern\u00e1ndez 2020 de la Florida, Tom\u00e1s Pe\u00f1a, juramentaron a los nuevos integrantes. El diputado Suriel adelant\u00f3 que lo ocurrido en este Estado&hellip;<\/p>\n","protected":false},"author":3,"featured_media":880,"comment_status":"open","ping_status":"open","sticky":false,"template":"","format":"standard","meta":{"rop_custom_images_group":[],"rop_custom_messages_group":[],"rop_publish_now":"initial","rop_publish_now_accounts":[],"rop_publish_now_history":[],"rop_publish_now_status":"pending","footnotes":""},"categories":[12],"tags":[],"class_list":["post-879","post","type-post","status-publish","format-standard","has-post-thumbnail","hentry","category-elecciones-2020"],"_links":{"self":[{"href":"https:\/\/larepublicanews.com.do\/live\/wp-json\/wp\/v2\/posts\/879","targetHints":{"allow":["GET"]}}],"collection":[{"href":"https:\/\/larepublicanews.com.do\/live\/wp-json\/wp\/v2\/posts"}],"about":[{"href":"https:\/\/larepublicanews.com.do\/live\/wp-json\/wp\/v2\/types\/post"}],"author":[{"embeddable":true,"href":"https:\/\/larepublicanews.com.do\/live\/wp-json\/wp\/v2\/users\/3"}],"replies":[{"embeddable":true,"href":"https:\/\/larepublicanews.com.do\/live\/wp-json\/wp\/v2\/comments?post=879"}],"version-history":[{"count":0,"href":"https:\/\/larepublicanews.com.do\/live\/wp-json\/wp\/v2\/posts\/879\/revisions"}],"wp:featuredmedia":[{"embeddable":true,"href":"https:\/\/larepublicanews.com.do\/live\/wp-json\/wp\/v2\/media\/880"}],"wp:attachment":[{"href":"https:\/\/larepublicanews.com.do\/live\/wp-json\/wp\/v2\/media?parent=879"}],"wp:term":[{"taxonomy":"category","embeddable":true,"href":"https:\/\/larepublicanews.com.do\/live\/wp-json\/wp\/v2\/categories?post=879"},{"taxonomy":"post_tag","embeddable":true,"href":"https:\/\/larepublicanews.com.do\/live\/wp-json\/wp\/v2\/tags?post=879"}],"curies":[{"name":"wp","href":"https:\/\/api.w.org\/{rel}","templated":true}]}}