{"id":872,"date":"2019-11-08T21:09:16","date_gmt":"2019-11-08T21:09:16","guid":{"rendered":"http:\/\/diario24news.com\/hoy\/?p=872"},"modified":"2019-11-08T21:09:16","modified_gmt":"2019-11-08T21:09:16","slug":"lula-sale-en-libertad-luego-de-580-dias-detenido-en-prision-de-curitiba-brasil","status":"publish","type":"post","link":"https:\/\/larepublicanews.com.do\/live\/lula-sale-en-libertad-luego-de-580-dias-detenido-en-prision-de-curitiba-brasil\/","title":{"rendered":"Lula sale en libertad luego de 580 d\u00edas detenido en prisi\u00f3n de Curitiba, Brasil"},"content":{"rendered":"<p>Desde diferentes partes de Brasil llegan para expresar su respaldo al exmandatario brasile\u00f1o, preso con una condena en segunda instancia.<\/p>\n<p>El exmandatario brasile\u00f1o cumpli\u00f3 580 d\u00edas detenido en la sede de la Polic\u00eda Federal de Curitiba, donde organizaciones sociales hicieron una vigilia en las cercan\u00edas para\u00a0acompa\u00f1arlo.<\/p>\n<p>Un juez autoriz\u00f3 la\u00a0liberaci\u00f3n este viernes del expresidente de\u00a0Brasil, Luiz In\u00e1cio\u00a0Lula\u00a0da Silva, luego que su defensa hiciera la solicitud ante la Justicia Federal de Curitiba, tras la anulaci\u00f3n de prisi\u00f3n en\u00a0segunda instancia\u00a0dictada por el Supremo Tribunal Federal (STF).<\/p>\n<p>El exmandatario brasile\u00f1o cumpli\u00f3 580 d\u00edas detenido en la sede de la Polic\u00eda Federal de Curitiba, donde organizaciones sociales hicieron una vigilia en las cercan\u00edas para\u00a0acompa\u00f1arlo.<\/p>\n<p>&nbsp;<\/p>\n<p>&#x2714;@teleSURtv<\/p>\n<p>#ENVIVO | Seguidores del ex-presidente @LulaOficial esperan su salida de la c\u00e1rcel de Curitiba #Brasil<br \/>\n#LulaLivre #LulaLibre #LulaLivreAgora https:\/\/twitter.com\/i\/broadcasts\/1mnGezVAlWLJX\u00a0\u2026<\/p>\n<p>El juez federal Danilo Pereira Junior fue quien determin\u00f3 la liberaci\u00f3n de Lula da Silva con base en la medida del m\u00e1ximo ente judicial del pa\u00eds suramericano.<\/p>\n<p>Seg\u00fan indicaron las autoridades, esta liberaci\u00f3n no anula la condena ni le devuelve sus derechos pol\u00edticos, ya que el l\u00edder brasile\u00f1o deber\u00e1 continuar el proceso que lo involucra en libertad.<\/p>\n<p>Andr\u00e9 Vieira@AndreteleSUR<\/p>\n<p>#LulaLivre | La hija mayor de Lula, Lurian Lula da Silva, ya est\u00e1 en la ciudad de Curitiba a la espera de la liberaci\u00f3n de su padre, que puede conseguir su libertad a\u00fan hoy.<\/p>\n","protected":false},"excerpt":{"rendered":"<p>Desde diferentes partes de Brasil llegan para expresar su respaldo al exmandatario brasile\u00f1o, preso con una condena en segunda instancia. El exmandatario brasile\u00f1o cumpli\u00f3 580 d\u00edas detenido en la sede de la Polic\u00eda Federal de Curitiba, donde organizaciones sociales hicieron una vigilia en las cercan\u00edas para\u00a0acompa\u00f1arlo. Un juez autoriz\u00f3 la\u00a0liberaci\u00f3n este viernes del expresidente de\u00a0Brasil, Luiz In\u00e1cio\u00a0Lula\u00a0da Silva, luego que su defensa hiciera la solicitud ante la Justicia Federal de Curitiba, tras la anulaci\u00f3n de prisi\u00f3n en\u00a0segunda instancia\u00a0dictada por el Supremo Tribunal Federal (STF). El exmandatario brasile\u00f1o cumpli\u00f3 580 d\u00edas&hellip;<\/p>\n","protected":false},"author":3,"featured_media":873,"comment_status":"open","ping_status":"open","sticky":false,"template":"","format":"standard","meta":{"rop_custom_images_group":[],"rop_custom_messages_group":[],"rop_publish_now":"initial","rop_publish_now_accounts":[],"rop_publish_now_history":[],"rop_publish_now_status":"pending","footnotes":""},"categories":[12],"tags":[],"class_list":["post-872","post","type-post","status-publish","format-standard","has-post-thumbnail","hentry","category-elecciones-2020"],"_links":{"self":[{"href":"https:\/\/larepublicanews.com.do\/live\/wp-json\/wp\/v2\/posts\/872","targetHints":{"allow":["GET"]}}],"collection":[{"href":"https:\/\/larepublicanews.com.do\/live\/wp-json\/wp\/v2\/posts"}],"about":[{"href":"https:\/\/larepublicanews.com.do\/live\/wp-json\/wp\/v2\/types\/post"}],"author":[{"embeddable":true,"href":"https:\/\/larepublicanews.com.do\/live\/wp-json\/wp\/v2\/users\/3"}],"replies":[{"embeddable":true,"href":"https:\/\/larepublicanews.com.do\/live\/wp-json\/wp\/v2\/comments?post=872"}],"version-history":[{"count":0,"href":"https:\/\/larepublicanews.com.do\/live\/wp-json\/wp\/v2\/posts\/872\/revisions"}],"wp:featuredmedia":[{"embeddable":true,"href":"https:\/\/larepublicanews.com.do\/live\/wp-json\/wp\/v2\/media\/873"}],"wp:attachment":[{"href":"https:\/\/larepublicanews.com.do\/live\/wp-json\/wp\/v2\/media?parent=872"}],"wp:term":[{"taxonomy":"category","embeddable":true,"href":"https:\/\/larepublicanews.com.do\/live\/wp-json\/wp\/v2\/categories?post=872"},{"taxonomy":"post_tag","embeddable":true,"href":"https:\/\/larepublicanews.com.do\/live\/wp-json\/wp\/v2\/tags?post=872"}],"curies":[{"name":"wp","href":"https:\/\/api.w.org\/{rel}","templated":true}]}}