{"id":864,"date":"2019-11-08T13:57:46","date_gmt":"2019-11-08T13:57:46","guid":{"rendered":"http:\/\/diario24news.com\/hoy\/?p=864"},"modified":"2019-11-08T13:57:46","modified_gmt":"2019-11-08T13:57:46","slug":"leonel-asegura-alianzas-lfp-y-otras-entidades-derrotaran-cupula-del-pld","status":"publish","type":"post","link":"https:\/\/larepublicanews.com.do\/live\/leonel-asegura-alianzas-lfp-y-otras-entidades-derrotaran-cupula-del-pld\/","title":{"rendered":"Leonel asegura alianzas LFP y otras entidades derrotar\u00e1n c\u00fapula del PLD"},"content":{"rendered":"<p>Por\u00a0Jhonny Trinidad<\/p>\n<p>SANTO DOMINGO.- El expresidente Leonel Fern\u00e1ndez advirti\u00f3 que con las alianzas de La Fuerza del Pueblo y el respaldo de la poblaci\u00f3n \u00abderrotaremos a los engre\u00eddos de Palacio\u00bb.<\/p>\n<p>\u201cCon el pueblo dominicano como aliado y las coaliciones que hemos logrado con distintas organizaciones pol\u00edticas le diremos a los engre\u00eddos de Palacio que en el 2020 E\u2019 Pa\u2019 fuera que van\u201d, escribi\u00f3 en exMandatario en su cuenta de Twitter.<\/p>\n<p>Agreg\u00f3\u00a0 que este mi\u00e9rcoles naci\u00f3 formalmente el partido \u201cLa Fuerza del Pueblo\u201d en la provincia San Crist\u00f3bal, cuna de la Constituci\u00f3n de la Rep\u00fablica Dominicana.<\/p>\n<p>\u201cEsto es solo el comienzo de lo que est\u00e1 ocurriendo y ocurrir\u00e1 en todo el territorio de la Rep\u00fablica Dominicana\u201d, manifest\u00f3.<\/p>\n<p>Fuente: Al momento<\/p>\n","protected":false},"excerpt":{"rendered":"<p>Por\u00a0Jhonny Trinidad SANTO DOMINGO.- El expresidente Leonel Fern\u00e1ndez advirti\u00f3 que con las alianzas de La Fuerza del Pueblo y el respaldo de la poblaci\u00f3n \u00abderrotaremos a los engre\u00eddos de Palacio\u00bb. \u201cCon el pueblo dominicano como aliado y las coaliciones que hemos logrado con distintas organizaciones pol\u00edticas le diremos a los engre\u00eddos de Palacio que en el 2020 E\u2019 Pa\u2019 fuera que van\u201d, escribi\u00f3 en exMandatario en su cuenta de Twitter. Agreg\u00f3\u00a0 que este mi\u00e9rcoles naci\u00f3 formalmente el partido \u201cLa Fuerza del Pueblo\u201d en la provincia San Crist\u00f3bal, cuna de la&hellip;<\/p>\n","protected":false},"author":3,"featured_media":859,"comment_status":"open","ping_status":"open","sticky":false,"template":"","format":"standard","meta":{"rop_custom_images_group":[],"rop_custom_messages_group":[],"rop_publish_now":"initial","rop_publish_now_accounts":[],"rop_publish_now_history":[],"rop_publish_now_status":"pending","footnotes":""},"categories":[20],"tags":[],"class_list":["post-864","post","type-post","status-publish","format-standard","has-post-thumbnail","hentry","category-leonel-fernandez"],"_links":{"self":[{"href":"https:\/\/larepublicanews.com.do\/live\/wp-json\/wp\/v2\/posts\/864","targetHints":{"allow":["GET"]}}],"collection":[{"href":"https:\/\/larepublicanews.com.do\/live\/wp-json\/wp\/v2\/posts"}],"about":[{"href":"https:\/\/larepublicanews.com.do\/live\/wp-json\/wp\/v2\/types\/post"}],"author":[{"embeddable":true,"href":"https:\/\/larepublicanews.com.do\/live\/wp-json\/wp\/v2\/users\/3"}],"replies":[{"embeddable":true,"href":"https:\/\/larepublicanews.com.do\/live\/wp-json\/wp\/v2\/comments?post=864"}],"version-history":[{"count":0,"href":"https:\/\/larepublicanews.com.do\/live\/wp-json\/wp\/v2\/posts\/864\/revisions"}],"wp:featuredmedia":[{"embeddable":true,"href":"https:\/\/larepublicanews.com.do\/live\/wp-json\/wp\/v2\/media\/859"}],"wp:attachment":[{"href":"https:\/\/larepublicanews.com.do\/live\/wp-json\/wp\/v2\/media?parent=864"}],"wp:term":[{"taxonomy":"category","embeddable":true,"href":"https:\/\/larepublicanews.com.do\/live\/wp-json\/wp\/v2\/categories?post=864"},{"taxonomy":"post_tag","embeddable":true,"href":"https:\/\/larepublicanews.com.do\/live\/wp-json\/wp\/v2\/tags?post=864"}],"curies":[{"name":"wp","href":"https:\/\/api.w.org\/{rel}","templated":true}]}}