{"id":858,"date":"2019-11-08T00:39:46","date_gmt":"2019-11-08T00:39:46","guid":{"rendered":"http:\/\/diario24news.com\/hoy\/?p=858"},"modified":"2019-11-08T00:39:46","modified_gmt":"2019-11-08T00:39:46","slug":"leonel-reitera-a-la-jce-reclamo-de-una-verdadera-auditoria-tecnico-forense-al-voto-automatizado","status":"publish","type":"post","link":"https:\/\/larepublicanews.com.do\/live\/leonel-reitera-a-la-jce-reclamo-de-una-verdadera-auditoria-tecnico-forense-al-voto-automatizado\/","title":{"rendered":"Leonel reitera a la JCE reclamo de \u201cuna verdadera auditor\u00eda t\u00e9cnico forense\u201d al voto automatizado"},"content":{"rendered":"<p>El expresidente Leonel Fern\u00e1ndez present\u00f3\u00a0 una instancia ante la Junta Central Electoral (JCE), en la cual define los requisitos y alcances que debe tener la auditor\u00eda t\u00e9cnico forense al voto electr\u00f3nico y todo el proceso electoral del pasado domingo 6 de octubre.<\/p>\n<p>En la comunicaci\u00f3n, presentada por los representantes de Fern\u00e1ndez ante la JCE, Fernando Fern\u00e1ndez, Rub\u00e9n Maldonado y Manuel Ferm\u00edn, el exmandatario indic\u00f3 que \u201cla auditoria debe estar acompa\u00f1ada por una comisi\u00f3n de veedur\u00eda internacional, compuesta por una delegaci\u00f3n con representantes de los Estados Unidos, la Uni\u00f3n Europea y Organizaci\u00f3n de Estados Americanos (OEA)\u201d.<\/p>\n<p>Asimismo, se\u00f1al\u00f3 que dicha comisi\u00f3n internacional debe participar del proceso de selecci\u00f3n de la empresa altamente especializada en auditor\u00edas t\u00e9cnico forenses de sistemas tecnol\u00f3gicos utilizados para procesos electorales; incluyendo el proceso de licitaci\u00f3n hasta la finalizaci\u00f3n de la mencionada auditor\u00eda.<\/p>\n<p>El expresidente Fern\u00e1ndez sostuvo que, en la instancia presentada ante la JCE,\u00a0\u201cla comisi\u00f3n internacional tambi\u00e9n debe tener t\u00e9cnicos en representaci\u00f3n de los precandidatos presidenciales que participaron en las primarias del PLD y de los partidos pol\u00edticos que as\u00ed lo dispongan\u201d.<br \/>\nTE PUEDE INTERESAR\u00bfHablar\u00e1 Leonel Fern\u00e1ndez nuevamente?<br \/>\nSobre el alcance de la auditor\u00eda, Fern\u00e1ndez precis\u00f3 que \u201cdebe contar con todos los requisitos que definen su car\u00e1cter t\u00e9cnico forense y abarcar a todo el proceso electoral, tanto el software como los equipos de votaci\u00f3n o kit electoral, incluyendo aspectos relacionados a la transmisi\u00f3n de la data, que hasta este momento han sido ignorados en los reclamos presentados ante la Junta Central Electoral\u201d.<\/p>\n<p>El expresidente a\u00f1adi\u00f3 en su petici\u00f3n que \u201clos auditores se pronuncien sobre el informe de irregularidades que present\u00f3 ante la JCE y a la opini\u00f3n p\u00fablica, en fecha martes 8 de octubre, dos d\u00edas despu\u00e9s del accidentado proceso electoral\u201d.<\/p>\n<p>En relaci\u00f3n a los comunicados de las telef\u00f3nicas hechos p\u00fablicos por la JCE, Fern\u00e1ndez manifest\u00f3 que solicitaron mediante distintas comunicaciones al \u00f3rgano electoral que le aclare cu\u00e1les y cu\u00e1ntas direcciones IP estuvieron conectadas a la red privada de las telef\u00f3nicas que prestaron servicio durante las primarias.<\/p>\n<p>De igual forma, tambi\u00e9n le solicit\u00f3 el Log de Firewall (validaci\u00f3n de accesos) desde las 6:00 de la ma\u00f1ana del domingo 6 de octubre hasta las 6:00 de la ma\u00f1ana del lunes 7 de octubre de 2019.<br \/>\nTE PUEDE INTERESAR\u00bfReuni\u00f3n entre Leonel y Abinader? \u201cUn invento de Palacio\u201d, dice Roberto Rosario<br \/>\n\u201cHemos presentado tanto a la Junta Central Electoral como a la opini\u00f3n p\u00fablica, que, en 671 mesas, se produjo un fen\u00f3meno an\u00f3malo en la transmisi\u00f3n de los datos, que deb\u00edan ser transmitidos de manera \u00edntegra y fueron enviados de forma segmentada, evidenciando una manipulaci\u00f3n de esa data\u201d, se\u00f1al\u00f3.<\/p>\n<p>Sobre las circunstancias excepcionales que justifican el que se hayan utilizado las conexiones de fuente Q (uso de celulares para transmisi\u00f3n de data), espec\u00edficamente en 875 mesas, Fern\u00e1ndez solicit\u00f3 a la JCE que \u201csean aclaradas las razones por las cuales se recurri\u00f3 a esta v\u00eda de conexi\u00f3n\u201d.<\/p>\n<p>Sobre este particular, el expresidente a\u00f1adi\u00f3 \u201cla necesidad de la geolocalizaci\u00f3n de aparatos telef\u00f3nicos al momento en que se efectuaron las transmisiones de datos en dichas mesas\u201d.<\/p>\n<p>\u201cAgradecer\u00edamos nueva vez una respuesta a estos planteamientos,\u00a0as\u00ed como tambi\u00e9n, la intervenci\u00f3n de las telef\u00f3nicas para aclarar estas inquietudes que espec\u00edficamente son las que hemos expuesto tanto al \u00f3rgano electoral, como a la opini\u00f3n p\u00fablica nacional, que se ha sumado al clamor de que nuestras preguntas sean consideradas y aclaradas\u201d, concluy\u00f3 el exjefe de Estado.<\/p>\n","protected":false},"excerpt":{"rendered":"<p>El expresidente Leonel Fern\u00e1ndez present\u00f3\u00a0 una instancia ante la Junta Central Electoral (JCE), en la cual define los requisitos y alcances que debe tener la auditor\u00eda t\u00e9cnico forense al voto electr\u00f3nico y todo el proceso electoral del pasado domingo 6 de octubre. En la comunicaci\u00f3n, presentada por los representantes de Fern\u00e1ndez ante la JCE, Fernando Fern\u00e1ndez, Rub\u00e9n Maldonado y Manuel Ferm\u00edn, el exmandatario indic\u00f3 que \u201cla auditoria debe estar acompa\u00f1ada por una comisi\u00f3n de veedur\u00eda internacional, compuesta por una delegaci\u00f3n con representantes de los Estados Unidos, la Uni\u00f3n Europea y&hellip;<\/p>\n","protected":false},"author":3,"featured_media":859,"comment_status":"open","ping_status":"open","sticky":false,"template":"","format":"standard","meta":{"rop_custom_images_group":[],"rop_custom_messages_group":[],"rop_publish_now":"initial","rop_publish_now_accounts":[],"rop_publish_now_history":[],"rop_publish_now_status":"pending","footnotes":""},"categories":[12],"tags":[],"class_list":["post-858","post","type-post","status-publish","format-standard","has-post-thumbnail","hentry","category-elecciones-2020"],"_links":{"self":[{"href":"https:\/\/larepublicanews.com.do\/live\/wp-json\/wp\/v2\/posts\/858","targetHints":{"allow":["GET"]}}],"collection":[{"href":"https:\/\/larepublicanews.com.do\/live\/wp-json\/wp\/v2\/posts"}],"about":[{"href":"https:\/\/larepublicanews.com.do\/live\/wp-json\/wp\/v2\/types\/post"}],"author":[{"embeddable":true,"href":"https:\/\/larepublicanews.com.do\/live\/wp-json\/wp\/v2\/users\/3"}],"replies":[{"embeddable":true,"href":"https:\/\/larepublicanews.com.do\/live\/wp-json\/wp\/v2\/comments?post=858"}],"version-history":[{"count":0,"href":"https:\/\/larepublicanews.com.do\/live\/wp-json\/wp\/v2\/posts\/858\/revisions"}],"wp:featuredmedia":[{"embeddable":true,"href":"https:\/\/larepublicanews.com.do\/live\/wp-json\/wp\/v2\/media\/859"}],"wp:attachment":[{"href":"https:\/\/larepublicanews.com.do\/live\/wp-json\/wp\/v2\/media?parent=858"}],"wp:term":[{"taxonomy":"category","embeddable":true,"href":"https:\/\/larepublicanews.com.do\/live\/wp-json\/wp\/v2\/categories?post=858"},{"taxonomy":"post_tag","embeddable":true,"href":"https:\/\/larepublicanews.com.do\/live\/wp-json\/wp\/v2\/tags?post=858"}],"curies":[{"name":"wp","href":"https:\/\/api.w.org\/{rel}","templated":true}]}}