{"id":854,"date":"2019-11-07T20:28:41","date_gmt":"2019-11-07T20:28:41","guid":{"rendered":"http:\/\/diario24news.com\/hoy\/?p=854"},"modified":"2019-11-07T20:28:41","modified_gmt":"2019-11-07T20:28:41","slug":"renuncia-rodriguez-monegro-del-partido-de-la-liberacion-dominicana","status":"publish","type":"post","link":"https:\/\/larepublicanews.com.do\/live\/renuncia-rodriguez-monegro-del-partido-de-la-liberacion-dominicana\/","title":{"rendered":"Renuncia Nelson Rodr\u00edguez Monegro del Partido de la Liberaci\u00f3n Dominicana"},"content":{"rendered":"<p>REP\u00daBLICA DOMINICANA.- El ex director Nacional de Salud, Nelson Rodr\u00edguez Monegro, present\u00f3 su renuncia de las filas del Partido de la Liberaci\u00f3n Dominicana (PLD), bajo el argumento de que ya no se siente presentando por la organizaci\u00f3n, donde \u201cse perdieron los valores, principios y afines\u201d.<\/p>\n<p>\u201cMuchos de los altos dirigentes sufrieron una metamorfosis, se transformaron, dejaron en el camino sus utop\u00edas. Se adosaron al \u201cpragmatismo\u201d. Abrazaron de manera personal el Neoliberalismo, donde se prioriza lo individual sobre lo colectivo: \u201cbien yo, luego me importa que entre el mar\u201d, indic\u00f3.<\/p>\n<p>La renuncia de Rodr\u00edguez Monegro fue presentada el secretario del PLD, Reinaldo Pared P\u00e9rez, en una carta fechada el 30 de octubre en su nata Moca.<\/p>\n<p>A continuaci\u00f3n la carta \u00edntegra de Rodr\u00edguez Monegro:<\/p>\n<p>Moca, Prov. Espaillat, 30 oct 2019<\/p>\n<p>Dr. Reynaldo Pared P\u00e9rez<\/p>\n<p>Secretario General del Partido de la Liberaci\u00f3n Dominicana (PLD)<\/p>\n<p>Su Despacho<\/p>\n<p>Distinguido Secretario General<\/p>\n<p>Cuando me decid\u00ed a participar en pol\u00edtica partidaria de manera activa, ya era un profesional de la medicina, en el campo de la pediatr\u00eda, exitoso. Con amplias y fluidas relaciones sociales, miembro de organizaciones de desarrollo en la provincia Espaillat, de clubes sociales, deportivos y culturales, con programa de televisi\u00f3n donde se trataban temas de salud y generales. Conocido simpatizante del pensamiento de Juan Bosch.<\/p>\n<p>Fue en el 1994, cuando surgi\u00f3 un movimiento llamado \u201cCambio 94\u201d, que algunos dirigentes del PLD se me acercaron, conocedores de mis simpat\u00edas pol\u00edticas, para que formara parte de ese movimiento externo, que apoyaba la candidatura presidencial del PLD. No lo pens\u00e9 mucho y acept\u00e9. En esa ocasi\u00f3n el PLD alcanz\u00f3 a penas un 13 % de las votaciones, si mal no recuerdo.<\/p>\n<p>Est\u00e1 presente en mi mente, como en esas circunstancias Danilo Medina hizo un periplo por todas las provincias tratando de levantar el \u00e1nimo de los peledeistas que hab\u00edan quedado devastados.<\/p>\n<p>Se me otorg\u00f3 la membres\u00eda como consecuencia del trabajo realizado, cosa que rechac\u00e9, pues conoc\u00eda la idiosincrasia del peledeista. Prefer\u00ed entrar a un C\u00edrculo de Estudio. Al cabo de dos a\u00f1os me \u201cgradu\u00e9\u201d como miembro (1996).<\/p>\n<p>Tuve un ascenso r\u00e1pido en el partido, ya en 1998 era miembro de la Direcci\u00f3n Municipal, y en el 2001 fui elegido miembro del Comit\u00e9 Central, ratificado en 2005. De ah\u00ed a la fecha no se han hecho nuevas elecciones, con excepci\u00f3n de para algunos miembros del Comit\u00e9 Pol\u00edtico.<\/p>\n<p>A ra\u00edz del triunfo del PLD en 1996, la direcci\u00f3n del partido me propuso para director del Hospital Dr.Toribio Bencosme, en Moca. Se hizo una gesti\u00f3n para la historia.<\/p>\n<p>En 1998 ya entendiendo que con los recursos con que se contaba hab\u00eda hecho lo posible, por mi deteriorada econom\u00eda, renunci\u00e9. Al momento ya era secretaria de salud la Dra. Altagracia Guzm\u00e1n Marcelino, quien unas semanas despu\u00e9s me llam\u00f3 para ofrecerme el cargo de Director Provincial de Salud, dependencias de reciente creaci\u00f3n. Trat\u00e9 de escabullirme pero al final termin\u00e9 aceptando, a pesar del rechazo de mi familia.<\/p>\n<p>En 2002 me presento como candidato a diputado, sin el apoyo de las estructuras municipales y provinciales del partido, hice una campa\u00f1a sin recursos, creando estructuras paralelas de compa\u00f1eros y compa\u00f1eras en todo el territorio de la provincia, y, sobre todo, con todas las organizaciones sociales. El propio Danilo Medina apoyaba a otro candidato. Aun as\u00ed gan\u00e9 el esca\u00f1o. Fui el \u00fanico diputado por el partido en la provincia. Pase 4 a\u00f1os en la C\u00e1mara de Diputados. Ah\u00ed empec\u00e9 realmente a conocer el verdadero poder desde sus entra\u00f1as. Me di cuenta por qu\u00e9 son tan dif\u00edciles los cambios estructurales en este pa\u00eds. Ah\u00ed no pasa nada que sea beneficioso para el pueblo, si afecta intereses. Como existen vasos comunicantes de esos poderes f\u00e1cticos y el poder pol\u00edtico.<\/p>\n<p>En 2006 aspir\u00e9 a senador por la provincia Espaillat, aunque me enfrentaba al presidente del senado en ese momento, sab\u00eda que lo pod\u00eda derrotar. Pero iniciaba con un h\u00e1ndicap, no era el favorito para la candidatura del presidente Fern\u00e1ndez. Pues como diputado hab\u00eda tenido unas diferencias con \u00e9l, cuando le asign\u00f3 aquellos 25 millones de d\u00f3lares al HOMS, hice una resoluci\u00f3n rechaz\u00e1ndolo ya que el Hospital Jos\u00e9 Mar\u00eda Cabral y B\u00e1ez estaba colapsado, siendo el centro donde iba la poblaci\u00f3n m\u00e1s vulnerable; lo cual no me perdon\u00f3. Derrot\u00e9 a su candidato (67 a 33 %). Desde luego nunca me apoy\u00f3 y termin\u00e9 perdiendo por 1.5 %. Por los medios que todo el mundo sabe.<\/p>\n<p>En el 2006, fui llamado por el Dr. Bautista Rojas, Secretario de Salud, para que le asumiera la Subsecretaria de Salud Colectiva, le puse algunos requisitos para aceptar, coincidiendo conmigo. Me dio plena libertad para desarrollar mi trabajo. En diferentes momentos ocup\u00e9 importantes posiciones dentro del ministerio, as\u00ed como representaciones ante organismos nacionales e internacionales. Todo lo agradezco porque esto me permiti\u00f3 crecer como persona y aumentar el acervo de conocimientos en el \u00e1mbito de la salud. Termin\u00e9 siendo Director Ejecutivo del Servicio Nacional de Salud. Creo que desde ah\u00ed muchos conocen la historia.<\/p>\n<p>En todos los cargos que ocup\u00e9 siempre hubo personas del propio partido que instaban a mi destituci\u00f3n o cancelaci\u00f3n por no asumir actitudes clientelares, populistas o politiqueras.<\/p>\n<p>Siempre he sido un cr\u00edtico del PLD y el gobierno, hacia dentro y hacia afuera. Creo en la auto-cr\u00edtica. Muchas veces al salir de alg\u00fan programa en entrevista, me dec\u00edan, usted no parece un funcionario del gobierno. Creo se puede administrar una verdad, pero jam\u00e1s, jam\u00e1s decir una mentira.<\/p>\n<p>Se perdieron los valores, principios y fines, que distingu\u00edan al PLD. Muchos de los altos dirigentes sufrieron una metamorfosis, se transformaron, dejaron en el camino sus utop\u00edas. Se adosaron al \u201cpragmatismo\u201d. Abrazaron de manera personal el Neoliberalismo, donde se prioriza lo individual sobre lo colectivo: \u201cbien yo, luego me importa que entre el mar\u201d.<\/p>\n<p>Siempre pens\u00e9 que en alg\u00fan momento el partido iba a reencauzarse dentro de la doctrina que \u00e9l mismo se dio: El Boschismo. No pudo ser, y nunca ser\u00e1. \u00a1Que verg\u00fcenza!<\/p>\n<p>Ya el PLD hace tiempo que es un partido m\u00e1s del sistema, con sus mismos vicios. No me siento representado. Sirva, pues, este escrito, como renuncia irrevocable al Partido de la Liberaci\u00f3n Dominicana. Que conste que mi renuncia nada tiene que ver con los aconteceres del momento del partido.<\/p>\n<p>Sin otro particular<\/p>\n<p>Dr. Nelson Rodr\u00edguez Monegro.<\/p>\n<p>Fuerte Diario Libre<\/p>\n","protected":false},"excerpt":{"rendered":"<p>REP\u00daBLICA DOMINICANA.- El ex director Nacional de Salud, Nelson Rodr\u00edguez Monegro, present\u00f3 su renuncia de las filas del Partido de la Liberaci\u00f3n Dominicana (PLD), bajo el argumento de que ya no se siente presentando por la organizaci\u00f3n, donde \u201cse perdieron los valores, principios y afines\u201d. \u201cMuchos de los altos dirigentes sufrieron una metamorfosis, se transformaron, dejaron en el camino sus utop\u00edas. Se adosaron al \u201cpragmatismo\u201d. Abrazaron de manera personal el Neoliberalismo, donde se prioriza lo individual sobre lo colectivo: \u201cbien yo, luego me importa que entre el mar\u201d, indic\u00f3. La&hellip;<\/p>\n","protected":false},"author":3,"featured_media":855,"comment_status":"open","ping_status":"open","sticky":false,"template":"","format":"standard","meta":{"rop_custom_images_group":[],"rop_custom_messages_group":[],"rop_publish_now":"initial","rop_publish_now_accounts":[],"rop_publish_now_history":[],"rop_publish_now_status":"pending","footnotes":""},"categories":[12],"tags":[],"class_list":["post-854","post","type-post","status-publish","format-standard","has-post-thumbnail","hentry","category-elecciones-2020"],"_links":{"self":[{"href":"https:\/\/larepublicanews.com.do\/live\/wp-json\/wp\/v2\/posts\/854","targetHints":{"allow":["GET"]}}],"collection":[{"href":"https:\/\/larepublicanews.com.do\/live\/wp-json\/wp\/v2\/posts"}],"about":[{"href":"https:\/\/larepublicanews.com.do\/live\/wp-json\/wp\/v2\/types\/post"}],"author":[{"embeddable":true,"href":"https:\/\/larepublicanews.com.do\/live\/wp-json\/wp\/v2\/users\/3"}],"replies":[{"embeddable":true,"href":"https:\/\/larepublicanews.com.do\/live\/wp-json\/wp\/v2\/comments?post=854"}],"version-history":[{"count":0,"href":"https:\/\/larepublicanews.com.do\/live\/wp-json\/wp\/v2\/posts\/854\/revisions"}],"wp:featuredmedia":[{"embeddable":true,"href":"https:\/\/larepublicanews.com.do\/live\/wp-json\/wp\/v2\/media\/855"}],"wp:attachment":[{"href":"https:\/\/larepublicanews.com.do\/live\/wp-json\/wp\/v2\/media?parent=854"}],"wp:term":[{"taxonomy":"category","embeddable":true,"href":"https:\/\/larepublicanews.com.do\/live\/wp-json\/wp\/v2\/categories?post=854"},{"taxonomy":"post_tag","embeddable":true,"href":"https:\/\/larepublicanews.com.do\/live\/wp-json\/wp\/v2\/tags?post=854"}],"curies":[{"name":"wp","href":"https:\/\/api.w.org\/{rel}","templated":true}]}}