{"id":843,"date":"2019-11-07T11:41:37","date_gmt":"2019-11-07T11:41:37","guid":{"rendered":"http:\/\/diario24news.com\/hoy\/?p=843"},"modified":"2019-11-07T11:41:37","modified_gmt":"2019-11-07T11:41:37","slug":"fuerza-del-pueblo-presenta-a-franklin-rodriguez-como-candidato-a-senador-de-san-cristobal","status":"publish","type":"post","link":"https:\/\/larepublicanews.com.do\/live\/fuerza-del-pueblo-presenta-a-franklin-rodriguez-como-candidato-a-senador-de-san-cristobal\/","title":{"rendered":"Fuerza del Pueblo presenta a Franklin Rodr\u00edguez como candidato a senador de San Crist\u00f3bal"},"content":{"rendered":"<p>Santo Domingo, RD.<br \/>\nFranklin Rodr\u00edguez, pasado ministro de la Juventud, ser\u00e1 el candidato a senador de Fuerza del Pueblo en la provincia San Crist\u00f3bal, y de la Coalici\u00f3n Juntos Podemos.<\/p>\n<p>La proclamaci\u00f3n del candidato a senador estuvo a cargo del expresidente Leonel Fern\u00e1ndez, presidente del partido Fuerza del Pueblo, antiguo de los Trabajadores Dominicanos (PTD).<\/p>\n<p>En el acto de proclamaci\u00f3n fueron juramentados dirigentes del Partido de la Liberaci\u00f3n Dominicana, que pasaron a formar parte del nuevo partido pol\u00edtico.<\/p>\n<p>En el acto de proclamaci\u00f3n, celebrado en San Crist\u00f3bal, el expresidente Leonel Fern\u00e1ndez record\u00f3 que hoy hace un mes de la celebraci\u00f3n de las primarias abiertas, en las que \u00e9l se enfrent\u00f3 a Gonzalo Castillo, de la corriente danilista.<\/p>\n<p>Los resultados ofrecidos por la Junta Central Electoral dieron como ganador a Castillo, llamando entonces Fern\u00e1ndez al proceso eleccionario como fraudulento, al punto de renunciar al PLD e irse a formar una nueva agrupaci\u00f3n pol\u00edtica.<\/p>\n<p>Fuerte Listin diario<\/p>\n","protected":false},"excerpt":{"rendered":"<p>Santo Domingo, RD. Franklin Rodr\u00edguez, pasado ministro de la Juventud, ser\u00e1 el candidato a senador de Fuerza del Pueblo en la provincia San Crist\u00f3bal, y de la Coalici\u00f3n Juntos Podemos. La proclamaci\u00f3n del candidato a senador estuvo a cargo del expresidente Leonel Fern\u00e1ndez, presidente del partido Fuerza del Pueblo, antiguo de los Trabajadores Dominicanos (PTD). En el acto de proclamaci\u00f3n fueron juramentados dirigentes del Partido de la Liberaci\u00f3n Dominicana, que pasaron a formar parte del nuevo partido pol\u00edtico. En el acto de proclamaci\u00f3n, celebrado en San Crist\u00f3bal, el expresidente Leonel&hellip;<\/p>\n","protected":false},"author":3,"featured_media":845,"comment_status":"open","ping_status":"open","sticky":false,"template":"","format":"standard","meta":{"rop_custom_images_group":[],"rop_custom_messages_group":[],"rop_publish_now":"initial","rop_publish_now_accounts":[],"rop_publish_now_history":[],"rop_publish_now_status":"pending","footnotes":""},"categories":[12],"tags":[],"class_list":["post-843","post","type-post","status-publish","format-standard","has-post-thumbnail","hentry","category-elecciones-2020"],"_links":{"self":[{"href":"https:\/\/larepublicanews.com.do\/live\/wp-json\/wp\/v2\/posts\/843","targetHints":{"allow":["GET"]}}],"collection":[{"href":"https:\/\/larepublicanews.com.do\/live\/wp-json\/wp\/v2\/posts"}],"about":[{"href":"https:\/\/larepublicanews.com.do\/live\/wp-json\/wp\/v2\/types\/post"}],"author":[{"embeddable":true,"href":"https:\/\/larepublicanews.com.do\/live\/wp-json\/wp\/v2\/users\/3"}],"replies":[{"embeddable":true,"href":"https:\/\/larepublicanews.com.do\/live\/wp-json\/wp\/v2\/comments?post=843"}],"version-history":[{"count":0,"href":"https:\/\/larepublicanews.com.do\/live\/wp-json\/wp\/v2\/posts\/843\/revisions"}],"wp:featuredmedia":[{"embeddable":true,"href":"https:\/\/larepublicanews.com.do\/live\/wp-json\/wp\/v2\/media\/845"}],"wp:attachment":[{"href":"https:\/\/larepublicanews.com.do\/live\/wp-json\/wp\/v2\/media?parent=843"}],"wp:term":[{"taxonomy":"category","embeddable":true,"href":"https:\/\/larepublicanews.com.do\/live\/wp-json\/wp\/v2\/categories?post=843"},{"taxonomy":"post_tag","embeddable":true,"href":"https:\/\/larepublicanews.com.do\/live\/wp-json\/wp\/v2\/tags?post=843"}],"curies":[{"name":"wp","href":"https:\/\/api.w.org\/{rel}","templated":true}]}}