{"id":840,"date":"2019-11-07T02:37:44","date_gmt":"2019-11-07T02:37:44","guid":{"rendered":"http:\/\/diario24news.com\/hoy\/?p=840"},"modified":"2019-11-07T02:37:44","modified_gmt":"2019-11-07T02:37:44","slug":"leonel-hoy-nace-formalmente-el-partido-la-fuerza-del-pueblo","status":"publish","type":"post","link":"https:\/\/larepublicanews.com.do\/live\/leonel-hoy-nace-formalmente-el-partido-la-fuerza-del-pueblo\/","title":{"rendered":"Leonel: \u201cHoy nace formalmente el partido La Fuerza del Pueblo\u201d"},"content":{"rendered":"<p>Sandra Guzm\u00e1n\u00a0&#8211;\u00a0SAN CRIST\u00d3BAL<br \/>\nEl expresidente de la Rep\u00fablica, Leonel Fern\u00e1ndez, anunci\u00f3 que este mi\u00e9rcoles nace formalmente el partido La Fuerza del Pueblo en la provincia San Crist\u00f3bal, cuna de la Constituci\u00f3n dominicana\u201d.<\/p>\n<p>&nbsp;<\/p>\n<p>Dijo que ello es posible con la juramentaci\u00f3n masiva\u00a0\u201cde nuevos integrantes de esta provincia, as\u00ed como de Peravia y Azua\u201d.<\/p>\n<p>&nbsp;<\/p>\n<p>En el acto, Fern\u00e1ndez proclam\u00f3 a Franklin Rodr\u00edguez como candidato a senador por San Crist\u00f3bal por la coalici\u00f3n Juntos Podemos y la Fuerza del Pueblo.<\/p>\n<p>Precisamente, esta noche, Jos\u00e9 Francisco Pe\u00f1a Guaba, coordinador de la coalici\u00f3n Junto Podemos, anunci\u00f3 que el Partido Revolucionario Modermo (PRM) y La Fuerza del Pueblo llevar\u00e1n 24 candidatos a senadores comunes para las elecciones de 2020.<\/p>\n<p>Juramentaci\u00f3n<br \/>\nDe acuerdo a Bautista Rojas G\u00f3mez, dirigente de La Fuerza del Pueblo y quien dej\u00f3 el Partido de la Liberaci\u00f3n Dominicana (PLD) para seguir a Fern\u00e1ndez (que tambi\u00e9n renunci\u00f3 a la organizaci\u00f3n), anunci\u00f3 que en la actividad fueron juramentados \u201ccientos de dirigentes medios y de base de las provincias San Crist\u00f3bal, Peravia y Azua renunciaron al viejo partido y fueron juramentados esta tarde en la Fuerza del Pueblo.<\/p>\n<p>&nbsp;<\/p>\n<p>Fuerte Listin diario<\/p>\n","protected":false},"excerpt":{"rendered":"<p>Sandra Guzm\u00e1n\u00a0&#8211;\u00a0SAN CRIST\u00d3BAL El expresidente de la Rep\u00fablica, Leonel Fern\u00e1ndez, anunci\u00f3 que este mi\u00e9rcoles nace formalmente el partido La Fuerza del Pueblo en la provincia San Crist\u00f3bal, cuna de la Constituci\u00f3n dominicana\u201d. &nbsp; Dijo que ello es posible con la juramentaci\u00f3n masiva\u00a0\u201cde nuevos integrantes de esta provincia, as\u00ed como de Peravia y Azua\u201d. &nbsp; En el acto, Fern\u00e1ndez proclam\u00f3 a Franklin Rodr\u00edguez como candidato a senador por San Crist\u00f3bal por la coalici\u00f3n Juntos Podemos y la Fuerza del Pueblo. Precisamente, esta noche, Jos\u00e9 Francisco Pe\u00f1a Guaba, coordinador de la coalici\u00f3n&hellip;<\/p>\n","protected":false},"author":3,"featured_media":841,"comment_status":"open","ping_status":"open","sticky":false,"template":"","format":"standard","meta":{"rop_custom_images_group":[],"rop_custom_messages_group":[],"rop_publish_now":"initial","rop_publish_now_accounts":[],"rop_publish_now_history":[],"rop_publish_now_status":"pending","footnotes":""},"categories":[12],"tags":[],"class_list":["post-840","post","type-post","status-publish","format-standard","has-post-thumbnail","hentry","category-elecciones-2020"],"_links":{"self":[{"href":"https:\/\/larepublicanews.com.do\/live\/wp-json\/wp\/v2\/posts\/840","targetHints":{"allow":["GET"]}}],"collection":[{"href":"https:\/\/larepublicanews.com.do\/live\/wp-json\/wp\/v2\/posts"}],"about":[{"href":"https:\/\/larepublicanews.com.do\/live\/wp-json\/wp\/v2\/types\/post"}],"author":[{"embeddable":true,"href":"https:\/\/larepublicanews.com.do\/live\/wp-json\/wp\/v2\/users\/3"}],"replies":[{"embeddable":true,"href":"https:\/\/larepublicanews.com.do\/live\/wp-json\/wp\/v2\/comments?post=840"}],"version-history":[{"count":0,"href":"https:\/\/larepublicanews.com.do\/live\/wp-json\/wp\/v2\/posts\/840\/revisions"}],"wp:featuredmedia":[{"embeddable":true,"href":"https:\/\/larepublicanews.com.do\/live\/wp-json\/wp\/v2\/media\/841"}],"wp:attachment":[{"href":"https:\/\/larepublicanews.com.do\/live\/wp-json\/wp\/v2\/media?parent=840"}],"wp:term":[{"taxonomy":"category","embeddable":true,"href":"https:\/\/larepublicanews.com.do\/live\/wp-json\/wp\/v2\/categories?post=840"},{"taxonomy":"post_tag","embeddable":true,"href":"https:\/\/larepublicanews.com.do\/live\/wp-json\/wp\/v2\/tags?post=840"}],"curies":[{"name":"wp","href":"https:\/\/api.w.org\/{rel}","templated":true}]}}