{"id":822,"date":"2019-11-04T00:00:00","date_gmt":"2019-11-04T00:00:00","guid":{"rendered":"http:\/\/diario24news.com\/hoy\/?p=822"},"modified":"2019-11-04T00:00:00","modified_gmt":"2019-11-04T00:00:00","slug":"leonel-acude-a-la-blandino-a-dar-el-pesame-a-danilo","status":"publish","type":"post","link":"https:\/\/larepublicanews.com.do\/live\/leonel-acude-a-la-blandino-a-dar-el-pesame-a-danilo\/","title":{"rendered":"Leonel acude a la Blandino a dar el p\u00e9same a Danilo"},"content":{"rendered":"<p>Diario Libre &#8211; SANTO DOMINGO<br \/>\nMomento en que Leonel Fern\u00e1ndez se acerca al mandatario, Danilo Medina para darle el p\u00e9same.<\/p>\n<p>El expresidente de la Rep\u00fablica, Leonel Fern\u00e1ndez, acudi\u00f3 la noche de este domingo a la funeraria Blandino, de la avenida Abraham Lincoln, Distrito Nacional, a expresarle su pesar al actual mandatario, Danilo Medina por la muerte de su padre Juan Pablo Medina.<\/p>\n<p>&nbsp;<\/p>\n<p>Fern\u00e1ndez, quien dej\u00f3 al oficialista Partido de la Liberaci\u00f3n Dominicana (PLD), en medio de mutuas acusaciones con el jefe de Estado, lleg\u00f3 al lugar a las 7:14 de la noche. Entr\u00f3 a la sala donde est\u00e1n siendo velados los restos del padre del gobernante a las 7:15 y se retir\u00f3 a las 7:20. Su visita solo dur\u00f3 cinco minutos.<\/p>\n<p>\u201cS\u00e9 lo que significa cuando un ser humano pierde a su padre, pierde a un ser querido, un ser cercano, se genera una conmoci\u00f3n emocional. En estos momentos hemos venido precisamente para expresarle nuestra condolencia y solidaridad\u201d, Fern\u00e1ndez.<\/p>\n<p>El expresidente del PLD lleg\u00f3 al lugar acompa\u00f1ado de Nicol\u00e1s Calder\u00f3n, exadministrador de los Comedores Econ\u00f3micos, y Bautista Rojas G\u00f3mez, quien dimiti\u00f3 tambi\u00e9n del PLD y del Comit\u00e9 Pol\u00edtico.<\/p>\n","protected":false},"excerpt":{"rendered":"<p>Diario Libre &#8211; SANTO DOMINGO Momento en que Leonel Fern\u00e1ndez se acerca al mandatario, Danilo Medina para darle el p\u00e9same. El expresidente de la Rep\u00fablica, Leonel Fern\u00e1ndez, acudi\u00f3 la noche de este domingo a la funeraria Blandino, de la avenida Abraham Lincoln, Distrito Nacional, a expresarle su pesar al actual mandatario, Danilo Medina por la muerte de su padre Juan Pablo Medina. &nbsp; Fern\u00e1ndez, quien dej\u00f3 al oficialista Partido de la Liberaci\u00f3n Dominicana (PLD), en medio de mutuas acusaciones con el jefe de Estado, lleg\u00f3 al lugar a las 7:14&hellip;<\/p>\n","protected":false},"author":3,"featured_media":823,"comment_status":"open","ping_status":"open","sticky":false,"template":"","format":"standard","meta":{"rop_custom_images_group":[],"rop_custom_messages_group":[],"rop_publish_now":"initial","rop_publish_now_accounts":[],"rop_publish_now_history":[],"rop_publish_now_status":"pending","footnotes":""},"categories":[22],"tags":[],"class_list":["post-822","post","type-post","status-publish","format-standard","has-post-thumbnail","hentry","category-noticia"],"_links":{"self":[{"href":"https:\/\/larepublicanews.com.do\/live\/wp-json\/wp\/v2\/posts\/822","targetHints":{"allow":["GET"]}}],"collection":[{"href":"https:\/\/larepublicanews.com.do\/live\/wp-json\/wp\/v2\/posts"}],"about":[{"href":"https:\/\/larepublicanews.com.do\/live\/wp-json\/wp\/v2\/types\/post"}],"author":[{"embeddable":true,"href":"https:\/\/larepublicanews.com.do\/live\/wp-json\/wp\/v2\/users\/3"}],"replies":[{"embeddable":true,"href":"https:\/\/larepublicanews.com.do\/live\/wp-json\/wp\/v2\/comments?post=822"}],"version-history":[{"count":0,"href":"https:\/\/larepublicanews.com.do\/live\/wp-json\/wp\/v2\/posts\/822\/revisions"}],"wp:featuredmedia":[{"embeddable":true,"href":"https:\/\/larepublicanews.com.do\/live\/wp-json\/wp\/v2\/media\/823"}],"wp:attachment":[{"href":"https:\/\/larepublicanews.com.do\/live\/wp-json\/wp\/v2\/media?parent=822"}],"wp:term":[{"taxonomy":"category","embeddable":true,"href":"https:\/\/larepublicanews.com.do\/live\/wp-json\/wp\/v2\/categories?post=822"},{"taxonomy":"post_tag","embeddable":true,"href":"https:\/\/larepublicanews.com.do\/live\/wp-json\/wp\/v2\/tags?post=822"}],"curies":[{"name":"wp","href":"https:\/\/api.w.org\/{rel}","templated":true}]}}