{"id":816,"date":"2019-11-01T17:18:12","date_gmt":"2019-11-01T17:18:12","guid":{"rendered":"http:\/\/diario24news.com\/hoy\/?p=816"},"modified":"2019-11-01T17:18:12","modified_gmt":"2019-11-01T17:18:12","slug":"google-compra-la-firma-de-wearable-fitbit-por-2100-mdd","status":"publish","type":"post","link":"https:\/\/larepublicanews.com.do\/live\/google-compra-la-firma-de-wearable-fitbit-por-2100-mdd\/","title":{"rendered":"Google compra la firma de wearable Fitbit por 2,100 mdd"},"content":{"rendered":"<p style=\"padding-left: 40px;\">\nLa transacci\u00f3n debe ser concluida en 2020, seg\u00fan explic\u00f3 Google, que tambi\u00e9n destac\u00f3 la excelente reputaci\u00f3n de Fitbit, particularmente en lo que tiene que ver con la protecci\u00f3n de datos personales. James Park y Eric Friedman, fundadores de Fitbit. (Foto: Christian Peacock para Forbes.)<br \/>\nFacebookTwitterLinkedInWhatsApp<br \/>\nAFP.-\u00a0Google acord\u00f3 comprar la empresa Fitbit por 2,100 millones de d\u00f3lares, en un movimiento que da al gigante de internet entrada al campo de las tecnolog\u00edas vestibles o prendas conectadas a internet (wearables), anunciaron este viernes las dos compa\u00f1\u00edas.<\/p>\n<p>\u201cHemos construido una marca confiable que da servicio a m\u00e1s de 28 millones de usuarios activos en todo el mundo, que conf\u00edan en nuestros productos para tener una vida m\u00e1s sana y activa\u201d, dijo el cofundador y director ejecutivo de Fitbit, James Park, en un comunicado conjunto que anuncia el pacto.<\/p>\n<p>\u201cGoogle es un socio ideal para avanzar en nuestra misi\u00f3n\u201d, agreg\u00f3.<\/p>\n<p>La transacci\u00f3n debe ser concluida en 2020, seg\u00fan explic\u00f3 Google, que tambi\u00e9n destac\u00f3 la excelente reputaci\u00f3n de Fitbit, particularmente en lo que tiene que ver con la protecci\u00f3n de datos personales.<\/p>\n<p>Las pulseras de Fitbit son omnipresentes en Estados Unidos, donde millones de personas las usan para calcular el n\u00famero de pasos que dan cada d\u00eda.<\/p>\n","protected":false},"excerpt":{"rendered":"<p>La transacci\u00f3n debe ser concluida en 2020, seg\u00fan explic\u00f3 Google, que tambi\u00e9n destac\u00f3 la excelente reputaci\u00f3n de Fitbit, particularmente en lo que tiene que ver con la protecci\u00f3n de datos personales. James Park y Eric Friedman, fundadores de Fitbit. (Foto: Christian Peacock para Forbes.) FacebookTwitterLinkedInWhatsApp AFP.-\u00a0Google acord\u00f3 comprar la empresa Fitbit por 2,100 millones de d\u00f3lares, en un movimiento que da al gigante de internet entrada al campo de las tecnolog\u00edas vestibles o prendas conectadas a internet (wearables), anunciaron este viernes las dos compa\u00f1\u00edas. \u201cHemos construido una marca confiable que&hellip;<\/p>\n","protected":false},"author":3,"featured_media":817,"comment_status":"open","ping_status":"open","sticky":false,"template":"","format":"standard","meta":{"rop_custom_images_group":[],"rop_custom_messages_group":[],"rop_publish_now":"initial","rop_publish_now_accounts":[],"rop_publish_now_history":[],"rop_publish_now_status":"pending","footnotes":""},"categories":[22],"tags":[],"class_list":["post-816","post","type-post","status-publish","format-standard","has-post-thumbnail","hentry","category-noticia"],"_links":{"self":[{"href":"https:\/\/larepublicanews.com.do\/live\/wp-json\/wp\/v2\/posts\/816","targetHints":{"allow":["GET"]}}],"collection":[{"href":"https:\/\/larepublicanews.com.do\/live\/wp-json\/wp\/v2\/posts"}],"about":[{"href":"https:\/\/larepublicanews.com.do\/live\/wp-json\/wp\/v2\/types\/post"}],"author":[{"embeddable":true,"href":"https:\/\/larepublicanews.com.do\/live\/wp-json\/wp\/v2\/users\/3"}],"replies":[{"embeddable":true,"href":"https:\/\/larepublicanews.com.do\/live\/wp-json\/wp\/v2\/comments?post=816"}],"version-history":[{"count":0,"href":"https:\/\/larepublicanews.com.do\/live\/wp-json\/wp\/v2\/posts\/816\/revisions"}],"wp:featuredmedia":[{"embeddable":true,"href":"https:\/\/larepublicanews.com.do\/live\/wp-json\/wp\/v2\/media\/817"}],"wp:attachment":[{"href":"https:\/\/larepublicanews.com.do\/live\/wp-json\/wp\/v2\/media?parent=816"}],"wp:term":[{"taxonomy":"category","embeddable":true,"href":"https:\/\/larepublicanews.com.do\/live\/wp-json\/wp\/v2\/categories?post=816"},{"taxonomy":"post_tag","embeddable":true,"href":"https:\/\/larepublicanews.com.do\/live\/wp-json\/wp\/v2\/tags?post=816"}],"curies":[{"name":"wp","href":"https:\/\/api.w.org\/{rel}","templated":true}]}}