{"id":810,"date":"2019-10-03T22:17:50","date_gmt":"2019-10-03T22:17:50","guid":{"rendered":"http:\/\/diario24news.com\/hoy\/?p=810"},"modified":"2019-10-03T22:17:50","modified_gmt":"2019-10-03T22:17:50","slug":"leonel-no-podemos-poner-el-gobierno-en-manos-de-cualquiera","status":"publish","type":"post","link":"https:\/\/larepublicanews.com.do\/live\/leonel-no-podemos-poner-el-gobierno-en-manos-de-cualquiera\/","title":{"rendered":"Leonel: \u201cNo podemos poner el gobierno en manos de cualquiera\u201d"},"content":{"rendered":"<p>\u201cEl mundo hoy d\u00eda es una incertidumbre, hay nubarrones que se ciernen sobre el horizonte que tenemos que mirar con cuidado, y por eso es que no podemos poner el pr\u00f3ximo gobierno en manos de cualquiera\u201d, es la advertencia que hace el expresidente Leonel Fern\u00e1ndez.<\/p>\n<p>El precandidato presidencial del Partido de la Liberaci\u00f3n Dominicana (PLD) opin\u00f3 que el pr\u00f3ximo gobierno requiere de gente que tenga la experiencia, que conozca lo que acontece en el mundo y qu\u00e9 impacto puede tener en la Rep\u00fablica Dominicana.<\/p>\n<p>Record\u00f3 que el pa\u00eds atraves\u00f3 la crisis del a\u00f1o 2008 \u201cde manera virtuosa\u201d, porque si bien en el 2009 la econom\u00eda cay\u00f3 a 3.5% en el 2010 creci\u00f3 un 11%.<\/p>\n<div class=\"paragraph\">\n<p>Sostuvo que cuando el Fondo Monetario Internacional recomend\u00f3 pol\u00edticas restrictivas del gasto, les dijo que lo que proced\u00eda era incrementar el gasto p\u00fablico para generar crecimiento econ\u00f3mico.<\/p>\n<p>\u201cEn el 2011 y 2012 la crisis volvi\u00f3, y si hubi\u00e9ramos cometido el error de restringir el gasto la econom\u00eda en la Rep\u00fablica Dominicana hubiera experimentado una contracci\u00f3n y el PLD habr\u00eda perdido las elecciones\u201d, dijo entrevistado en Diario Libre, por el director, Adriano Miguel Tejada.<\/p>\n<\/div>\n<div id=\"container-1232942\" class=\"mt-3 mb-4 p-3 insert_headline content-capsule\">\n<div class=\"insertBlock\">\n<div class=\"Insert_Headline\">\u201cPueblo mata papeleta\u201d, con esta frase Fern\u00e1ndez, conf\u00eda en que vencer\u00e1 a su contrincante Gonzalo Castillo, precandidato apoyado por el sector oficialista y danilista.<\/div>\n<\/div>\n<\/div>\n<div class=\"paragraph\">\n<p>Atribuy\u00f3 sus aspiraciones a ser candidato para un cuarto per\u00edodo presidencial a que su ciclo est\u00e1 inconcluso y tiene que liderar una segunda ola de transformaciones.<\/p>\n<p>\u201cEsa no es una decisi\u00f3n personal, es que cuando yo he estado en los procesos pol\u00edticos hay fuerzas sociales que se apoyan en ese liderazgo y obviamente entienden que hay un ciclo que debe completarse, que a\u00fan est\u00e1 inconcluso y que requiere una segunda ola de transformaciones en el \u00e1mbito democr\u00e1tico institucional en lo que tiene que ver con lo econ\u00f3mico, lo social, tecnol\u00f3gico, ambiental para concluir este proceso hist\u00f3rico, el ciclo que me ha correspondido liderar\u201d, expres\u00f3.<\/p>\n<p>Argument\u00f3 que se siente comprometido con su pa\u00eds, y cree que efectivamente se ha avanzado mucho, sobre todo desde que el PLD lleg\u00f3 al poder ha habido una aceleraci\u00f3n del crecimiento econ\u00f3mico.<\/p>\n<p>\u201cPero hay cosas a\u00fan inconclusas, que se entiende que es el liderazgo que represento que puede continuarlo y concluir\u201d, expres\u00f3.<\/p>\n<p>\u201cSangre renovada\u201d es la respuesta que dio ante la pregunta de si se siente de \u201csangre nueva\u201d.<\/p>\n<p>Al referirse a la estructura pol\u00edtica y log\u00edstica que respalda su proyecto presidencial, dijo confiar en su organizaci\u00f3n electoral para movilizar el voto.<\/p>\n<\/div>\n<div class=\"entretitulo\">No a la militarizaci\u00f3n<\/div>\n<div class=\"paragraph\">\n<p>Fern\u00e1ndez consider\u00f3 que para controlar la delincuencia se deben revisar todos los contenedores que llegan al pa\u00eds, para controlar el tr\u00e1fico de drogas, disminuir el consumo y as\u00ed evitar que se salga a las calles a buscar el dinero para comprarla.<\/p>\n<p>\u201cA m\u00ed nunca me ha parecido que la colocaci\u00f3n de un militar con armas largas y ropa de chamaco en una esquina va a resolver nada, yo creo mejor en el chinero que est\u00e1 en la esquina, que todo el mundo cree que est\u00e1 vendiendo chinas y lo que est\u00e1 es controlando el barrio, vigilando las potenciales actividades criminales que se puedan cometer\u201d, dijo.<\/p>\n<p>Para Fern\u00e1ndez, esa labor de inteligencia es m\u00e1s eficaz que colocar militares a hacer revisiones, ya que \u201cla militarizaci\u00f3n de la seguridad no da resultados en ning\u00fan sitio, se cometi\u00f3 ese error en M\u00e9xico y lo que ocurri\u00f3 fue que se increment\u00f3 la violencia\u201d.<\/p>\n<p>\u201cLa manera m\u00e1s eficaz de poder controlar el tr\u00e1fico il\u00edcito de drogas es establecer un mecanismo de que cada contenedor sea revisado, no al azar, no en forma aleatoria, cada contenedor, existe la tecnolog\u00eda para eso\u201d, precis\u00f3.<\/p>\n<\/div>\n","protected":false},"excerpt":{"rendered":"<p>\u201cEl mundo hoy d\u00eda es una incertidumbre, hay nubarrones que se ciernen sobre el horizonte que tenemos que mirar con cuidado, y por eso es que no podemos poner el pr\u00f3ximo gobierno en manos de cualquiera\u201d, es la advertencia que hace el expresidente Leonel Fern\u00e1ndez. El precandidato presidencial del Partido de la Liberaci\u00f3n Dominicana (PLD) opin\u00f3 que el pr\u00f3ximo gobierno requiere de gente que tenga la experiencia, que conozca lo que acontece en el mundo y qu\u00e9 impacto puede tener en la Rep\u00fablica Dominicana. Record\u00f3 que el pa\u00eds atraves\u00f3 la&hellip;<\/p>\n","protected":false},"author":3,"featured_media":748,"comment_status":"open","ping_status":"open","sticky":false,"template":"","format":"standard","meta":{"rop_custom_images_group":[],"rop_custom_messages_group":[],"rop_publish_now":"initial","rop_publish_now_accounts":[],"rop_publish_now_history":[],"rop_publish_now_status":"pending","footnotes":""},"categories":[24],"tags":[],"class_list":["post-810","post","type-post","status-publish","format-standard","has-post-thumbnail","hentry","category-politica"],"_links":{"self":[{"href":"https:\/\/larepublicanews.com.do\/live\/wp-json\/wp\/v2\/posts\/810","targetHints":{"allow":["GET"]}}],"collection":[{"href":"https:\/\/larepublicanews.com.do\/live\/wp-json\/wp\/v2\/posts"}],"about":[{"href":"https:\/\/larepublicanews.com.do\/live\/wp-json\/wp\/v2\/types\/post"}],"author":[{"embeddable":true,"href":"https:\/\/larepublicanews.com.do\/live\/wp-json\/wp\/v2\/users\/3"}],"replies":[{"embeddable":true,"href":"https:\/\/larepublicanews.com.do\/live\/wp-json\/wp\/v2\/comments?post=810"}],"version-history":[{"count":0,"href":"https:\/\/larepublicanews.com.do\/live\/wp-json\/wp\/v2\/posts\/810\/revisions"}],"wp:featuredmedia":[{"embeddable":true,"href":"https:\/\/larepublicanews.com.do\/live\/wp-json\/wp\/v2\/media\/748"}],"wp:attachment":[{"href":"https:\/\/larepublicanews.com.do\/live\/wp-json\/wp\/v2\/media?parent=810"}],"wp:term":[{"taxonomy":"category","embeddable":true,"href":"https:\/\/larepublicanews.com.do\/live\/wp-json\/wp\/v2\/categories?post=810"},{"taxonomy":"post_tag","embeddable":true,"href":"https:\/\/larepublicanews.com.do\/live\/wp-json\/wp\/v2\/tags?post=810"}],"curies":[{"name":"wp","href":"https:\/\/api.w.org\/{rel}","templated":true}]}}