{"id":808,"date":"2019-10-03T22:10:17","date_gmt":"2019-10-03T22:10:17","guid":{"rendered":"http:\/\/diario24news.com\/hoy\/?p=808"},"modified":"2019-10-03T22:10:17","modified_gmt":"2019-10-03T22:10:17","slug":"video-margarita-cedeno-el-6-de-octubre-votare-por-el-por-mi-esposo","status":"publish","type":"post","link":"https:\/\/larepublicanews.com.do\/live\/video-margarita-cedeno-el-6-de-octubre-votare-por-el-por-mi-esposo\/","title":{"rendered":"VIDEO | Margarita Cede\u00f1o: \u201cEl 6 de octubre votar\u00e9 por \u00e9l, por mi esposo\u201d"},"content":{"rendered":"<p>Emiti\u00f3 un mensaje no verbal de unidad, al colocar en el set de grabaci\u00f3n una foto de ella junto a Leonel y Danilo<\/p>\n<p>Por: Ana Peguero<\/p>\n<p><iframe loading=\"lazy\" title=\"Margarita Cede\u00f1o: \u201cEl 6 de octubre votar\u00e9 por \u00e9l, por mi esposo\u201d 02\/10\/19\" width=\"640\" height=\"360\" src=\"https:\/\/www.youtube.com\/embed\/BQGwwQBIJuo?feature=oembed\" frameborder=\"0\" allow=\"accelerometer; autoplay; clipboard-write; encrypted-media; gyroscope; picture-in-picture; web-share\" referrerpolicy=\"strict-origin-when-cross-origin\" allowfullscreen><\/iframe><\/p>\n<p>Como era de esperarse, la vicepresidenta de la Rep\u00fablica,\u00a0Margarita Cede\u00f1o, anunci\u00f3 este mi\u00e9rcoles su apoyo a su esposo, Leonel Fern\u00e1ndez, quien aspira nuevamente a dirigir los destinos de la naci\u00f3n por el Partido de la Liberaci\u00f3n Dominicana.<\/p>\n<p>\u201cEl 6 de octubre votar\u00e9 por \u00e9l, por mi esposo, por el presidente de mi partido, y junto a \u00e9l seguir\u00e9 trabajando para que todo el pueblo dominicano tenga m\u00e1s oportunidades\u201d.<\/p>\n<p>En un mensaje grabado y difundido a trav\u00e9s de sus cuentas de redes sociales,\u00a0una Margarita sonriente inst\u00f3 al pueblo dominicano a \u201cno dejar pasar la oportunidad de decidir\u201d y a que acudan a las urnas el pr\u00f3ximo domingo 6 de octubre, cuando se celebrar\u00e1n las elecciones primarias tanto del PLD como del Partido Revolucionario Moderno (PRM) para elegir a los candidatos presidenciales.<\/p>\n<p>\u201cNo puedes dejar pasar la oportunidad de decidir sobre tu presente y tu futuro. Yo voy a votar por quien trabaja y estudia sin descanso en procura de soluciones innovadoras a los problemas y a los desaf\u00edos que tiene el pueblo dominicano\u201d, dijo Margarita.<\/p>\n<p>En su alocuci\u00f3n destac\u00f3 las cualidades del mismo Leonel Fern\u00e1ndez al que atac\u00f3 en junio de este a\u00f1o cuando dijo que las candidaturas de Danilo Medina -actual presidente- y Leonel Fern\u00e1ndez ser\u00edan un \u201cperder-perder para el pa\u00eds\u00a0y\u00a0hay una tercera v\u00eda que ser\u00eda un ganar-ganar\u201d. En esa ocasi\u00f3n la funcionaria no se refiri\u00f3 a esa tercera opci\u00f3n del PLD, pero asegur\u00f3 que las encuestas demuestran esas otras opciones.<\/p>\n<p>\u201cVotar\u00e9 por un hombre noble y justo que ha demostrado su capacidad para mantener el pa\u00eds en progreso continuo y que ha jurado izar la bandera de la dignidad en el ejercicio de la pol\u00edtica\u201d, dice el mensaje.<\/p>\n<p>Adem\u00e1s de su apoyo a Leonel Fern\u00e1ndez, con su alocuci\u00f3n,\u00a0Margarita Cede\u00f1o emiti\u00f3 un mensaje no verbal de unidad, a prop\u00f3sito de la divisi\u00f3n que proyecta el PLD en su lucha interna por el poder de cara a las elecciones de 2020. En el set de grabaci\u00f3n se avistan dos fotograf\u00edas: una de ella junto a su esposo y a la hija de ambos, y otra de ella acompa\u00f1ada de Danilo Medina y Leonel Fern\u00e1ndez.<\/p>\n","protected":false},"excerpt":{"rendered":"<p>Emiti\u00f3 un mensaje no verbal de unidad, al colocar en el set de grabaci\u00f3n una foto de ella junto a Leonel y Danilo Por: Ana Peguero Como era de esperarse, la vicepresidenta de la Rep\u00fablica,\u00a0Margarita Cede\u00f1o, anunci\u00f3 este mi\u00e9rcoles su apoyo a su esposo, Leonel Fern\u00e1ndez, quien aspira nuevamente a dirigir los destinos de la naci\u00f3n por el Partido de la Liberaci\u00f3n Dominicana. \u201cEl 6 de octubre votar\u00e9 por \u00e9l, por mi esposo, por el presidente de mi partido, y junto a \u00e9l seguir\u00e9 trabajando para que todo el pueblo&hellip;<\/p>\n","protected":false},"author":3,"featured_media":0,"comment_status":"open","ping_status":"open","sticky":false,"template":"","format":"standard","meta":{"rop_custom_images_group":[],"rop_custom_messages_group":[],"rop_publish_now":"initial","rop_publish_now_accounts":[],"rop_publish_now_history":[],"rop_publish_now_status":"pending","footnotes":""},"categories":[24],"tags":[],"class_list":["post-808","post","type-post","status-publish","format-standard","hentry","category-politica"],"_links":{"self":[{"href":"https:\/\/larepublicanews.com.do\/live\/wp-json\/wp\/v2\/posts\/808","targetHints":{"allow":["GET"]}}],"collection":[{"href":"https:\/\/larepublicanews.com.do\/live\/wp-json\/wp\/v2\/posts"}],"about":[{"href":"https:\/\/larepublicanews.com.do\/live\/wp-json\/wp\/v2\/types\/post"}],"author":[{"embeddable":true,"href":"https:\/\/larepublicanews.com.do\/live\/wp-json\/wp\/v2\/users\/3"}],"replies":[{"embeddable":true,"href":"https:\/\/larepublicanews.com.do\/live\/wp-json\/wp\/v2\/comments?post=808"}],"version-history":[{"count":0,"href":"https:\/\/larepublicanews.com.do\/live\/wp-json\/wp\/v2\/posts\/808\/revisions"}],"wp:attachment":[{"href":"https:\/\/larepublicanews.com.do\/live\/wp-json\/wp\/v2\/media?parent=808"}],"wp:term":[{"taxonomy":"category","embeddable":true,"href":"https:\/\/larepublicanews.com.do\/live\/wp-json\/wp\/v2\/categories?post=808"},{"taxonomy":"post_tag","embeddable":true,"href":"https:\/\/larepublicanews.com.do\/live\/wp-json\/wp\/v2\/tags?post=808"}],"curies":[{"name":"wp","href":"https:\/\/api.w.org\/{rel}","templated":true}]}}