{"id":793,"date":"2019-09-10T12:14:49","date_gmt":"2019-09-10T12:14:49","guid":{"rendered":"http:\/\/diario24news.com\/hoy\/?p=793"},"modified":"2019-09-10T12:14:49","modified_gmt":"2019-09-10T12:14:49","slug":"leonel-fernandez-encabezara-este-martes-asamblea-en-santo-domingo-este","status":"publish","type":"post","link":"https:\/\/larepublicanews.com.do\/live\/leonel-fernandez-encabezara-este-martes-asamblea-en-santo-domingo-este\/","title":{"rendered":"Leonel Fern\u00e1ndez encabezar\u00e1 este martes asamblea en Santo Domingo Este"},"content":{"rendered":"<p>Santo Domingo.-En la continuaci\u00f3n de la promoci\u00f3n de su precandidatura presidencial en Partido de la Liberaci\u00f3n Dominicana (PLD), Leonel Fern\u00e1ndez encabezar\u00e1 este martes una asamblea en el Club del Legislador, en el Ensanche Isabelita, de Santo Domingo Este.<\/p>\n<p>A trav\u00e9s de una nota, el coordinador del equipo de campa\u00f1a de Fern\u00e1ndez, en la Circunscripci\u00f3n 1 de Santo Domingo Este, Luis Hern\u00e1ndez, inform\u00f3 que la actividad est\u00e1 programada a partir de las cuatro de la tarde.<\/p>\n<p>Indic\u00f3 que en el acto el precandidato presidencial del PLD recibir\u00e1 el apoyo de personalidades y de un importante sector de la organizaci\u00f3n pol\u00edtica.<\/p>\n<p>Adem\u00e1s, el tambi\u00e9n presidente del PLD y exjefe de Estado intercambiar\u00e1 impresiones con los asistentes a la asamblea.<\/p>\n<p>El dirigente pelede\u00edsta y exdirector general de Presupuesto, dijo que por la importancia de la actividad se espera una masiva concurrencia de los seguidores y simpatizantes de Fern\u00e1ndez.<\/p>\n<p>Expres\u00f3 que reina mucho entusiasmo para la asamblea de este martes en la tarde en el Club del Legislador, por las muestras de apoyo, del espaldarazo que recibir\u00e1 la precandidatura presidencial.<\/p>\n<p>Hern\u00e1ndez adelant\u00f3 que este respaldo contribuir\u00e1 a la consolidaci\u00f3n de la precandidatura presidencial de Fern\u00e1ndez, en su marcha victoriosa\u00a0 por amplio margen en las primarias del PLD del 6 de octubre pr\u00f3ximo, y luego en las elecciones presidenciales\u00a0 del pr\u00f3ximo a\u00f1o.<\/p>\n","protected":false},"excerpt":{"rendered":"<p>Santo Domingo.-En la continuaci\u00f3n de la promoci\u00f3n de su precandidatura presidencial en Partido de la Liberaci\u00f3n Dominicana (PLD), Leonel Fern\u00e1ndez encabezar\u00e1 este martes una asamblea en el Club del Legislador, en el Ensanche Isabelita, de Santo Domingo Este. A trav\u00e9s de una nota, el coordinador del equipo de campa\u00f1a de Fern\u00e1ndez, en la Circunscripci\u00f3n 1 de Santo Domingo Este, Luis Hern\u00e1ndez, inform\u00f3 que la actividad est\u00e1 programada a partir de las cuatro de la tarde. Indic\u00f3 que en el acto el precandidato presidencial del PLD recibir\u00e1 el apoyo de personalidades&hellip;<\/p>\n","protected":false},"author":3,"featured_media":781,"comment_status":"open","ping_status":"open","sticky":false,"template":"","format":"standard","meta":{"rop_custom_images_group":[],"rop_custom_messages_group":[],"rop_publish_now":"initial","rop_publish_now_accounts":[],"rop_publish_now_history":[],"rop_publish_now_status":"pending","footnotes":""},"categories":[20],"tags":[],"class_list":["post-793","post","type-post","status-publish","format-standard","has-post-thumbnail","hentry","category-leonel-fernandez"],"_links":{"self":[{"href":"https:\/\/larepublicanews.com.do\/live\/wp-json\/wp\/v2\/posts\/793","targetHints":{"allow":["GET"]}}],"collection":[{"href":"https:\/\/larepublicanews.com.do\/live\/wp-json\/wp\/v2\/posts"}],"about":[{"href":"https:\/\/larepublicanews.com.do\/live\/wp-json\/wp\/v2\/types\/post"}],"author":[{"embeddable":true,"href":"https:\/\/larepublicanews.com.do\/live\/wp-json\/wp\/v2\/users\/3"}],"replies":[{"embeddable":true,"href":"https:\/\/larepublicanews.com.do\/live\/wp-json\/wp\/v2\/comments?post=793"}],"version-history":[{"count":0,"href":"https:\/\/larepublicanews.com.do\/live\/wp-json\/wp\/v2\/posts\/793\/revisions"}],"wp:featuredmedia":[{"embeddable":true,"href":"https:\/\/larepublicanews.com.do\/live\/wp-json\/wp\/v2\/media\/781"}],"wp:attachment":[{"href":"https:\/\/larepublicanews.com.do\/live\/wp-json\/wp\/v2\/media?parent=793"}],"wp:term":[{"taxonomy":"category","embeddable":true,"href":"https:\/\/larepublicanews.com.do\/live\/wp-json\/wp\/v2\/categories?post=793"},{"taxonomy":"post_tag","embeddable":true,"href":"https:\/\/larepublicanews.com.do\/live\/wp-json\/wp\/v2\/tags?post=793"}],"curies":[{"name":"wp","href":"https:\/\/api.w.org\/{rel}","templated":true}]}}