{"id":783,"date":"2019-08-29T15:12:37","date_gmt":"2019-08-29T15:12:37","guid":{"rendered":"http:\/\/diario24news.com\/hoy\/?p=783"},"modified":"2019-08-29T15:12:37","modified_gmt":"2019-08-29T15:12:37","slug":"leonel-en-un-proximo-gobierno-funcionarios-tendran-compromiso-con-la-integridad-y-honestidad","status":"publish","type":"post","link":"https:\/\/larepublicanews.com.do\/live\/leonel-en-un-proximo-gobierno-funcionarios-tendran-compromiso-con-la-integridad-y-honestidad\/","title":{"rendered":"Leonel: en un pr\u00f3ximo gobierno funcionarios tendr\u00e1n compromiso con la integridad y honestidad"},"content":{"rendered":"<p>El expresidente de la Rep\u00fablica, Leonel Fern\u00e1ndez, proclam\u00f3 en la provincia Duarte que en un pr\u00f3ximo gobierno suyo quienes formen parte del gabinete deben tener un compromiso de integridad y de honestidad con el pueblo dominicano.<\/p>\n<p>\u201cTodos los pelede\u00edstas que formen parte del pr\u00f3ximo gobierno que encabezaremos a partir de agosto de 2020, tienen el compromiso de gobernar \u00edntegramente y honestamente a favor del pueblo dominicano\u201d, exclam\u00f3 Fern\u00e1ndez, precandidato presidencial del Partido de la Liberaci\u00f3n Dominicana (PLD), ante miles de simpatizantes del municipio cabecera de la provincia Duarte.<\/p>\n<p>Al vaticinar una aplastante victoria en las primarias internas del 6 de octubre, Fern\u00e1ndez refiri\u00f3 que \u201cel nuevo triunfo del PLD ser\u00e1 para continuar la obra de cambio y de transformaciones en beneficio del pueblo dominicano\u201d.<\/p>\n<p>\u201cUstedes me conocen, han visto mi estilo de gobierno, soy incluyente. Desde el gobierno no creo que deba haber facciones, corrientes o grupos, de manera que como hemos hecho en el pasado, a partir de 2020, haremos un gobierno para todos, sin bander\u00edas, ni grupos\u201d, subray\u00f3 el exmandatario.<\/p>\n<p>Mediante una nota de prensa, Fern\u00e1ndez destac\u00f3 que desde que asumi\u00f3 el poder hace 20 a\u00f1os, el PLD logr\u00f3 lo que ning\u00fan partido ha hecho en la historia republicana: gobernar combinando democracia y desarrollo.<\/p>\n<p>Fern\u00e1ndez, quien admiti\u00f3 sentirse impresionado con la multitud que le esper\u00f3 desde tempranas horas de la ma\u00f1ana del domingo en la Ciudad Agropecuaria construida en su gobierno, manifest\u00f3 que a un a\u00f1o de haber iniciado la organizaci\u00f3n de su fuerza a lo interno del partido morado, \u00e9sta representa una maquinaria m\u00e1s poderosa que el principal partido de oposici\u00f3n.<\/p>\n<p>\u201cVamos a ganar aplastantemente el 6 de octubre con el apoyo de Dios y de todo el pueblo dominicano, de manera que continuemos a partir de agosto de 2020 un gobierno comprometido con la integridad, el desarrollo econ\u00f3mico y social, la generaci\u00f3n de empleos para las mujeres y los j\u00f3venes de todo el pa\u00eds\u201d, afirm\u00f3 Fern\u00e1ndez.<\/p>\n<p>Lee tambi\u00e9n:\u00a0Leonel: todas las encuestas indican que ganaremos primarias y elecciones del 2020<\/p>\n<p>Reiter\u00f3 que esa fuerza que se organiz\u00f3 a lo interno del PLD no es un invento de nadie, porque \u201csi todos vemos el ejemplo de Jesucristo, se dar\u00e1n cuenta que el hijo de Dios hizo lo propio para evangelizar a su pueblo\u201d.<\/p>\n<p>Dijo que guardando la distancia, Jes\u00fas nombr\u00f3 a Pedro para que fundara su Iglesia, design\u00f3 a Judas para las finanzas y a cada ap\u00f3stol le asign\u00f3 una tarea, de modo que la evangelizaci\u00f3n llegara a todos los rincones del mundo.<\/p>\n<p>Fern\u00e1ndez, quien cubri\u00f3 una amplia agenda el fin de semana por las provincias de Puerto Plata y Duarte, observ\u00f3 que luego de obtener el triunfo en las primarias internas, su tarea ser\u00e1 compactar al partido para con todos los pelede\u00edstas, alcanzar otra victoria en mayo del a\u00f1o 2020.<\/p>\n<p>\u201cVamos a ganar las elecciones de mayo de 2020 con 3 millones de votos para continuar el nuevo ciclo de desarrollo, el nuevo cap\u00edtulo en la historia de transformaci\u00f3n, progreso y promoci\u00f3n de la Rep\u00fablica Dominicana en el mapa mundial\u201d, sostuvo.<\/p>\n<p>El presidente del PLD encabez\u00f3 una concentraci\u00f3n con simpatizantes en la Ciudad Agropecuaria en la que hicieron uso de la palabra la exgobernadora Luz Celene y el precandidato a senador Andr\u00e9s Acosta, presidente del PLD en la provincia Duarte.<\/p>\n<p style=\"padding-left: 40px;\">Acompa\u00f1aron al expresidente Fern\u00e1ndez el coordinador operativo y enlace con la provincia Duarte, Bautista Rojas G\u00f3mez, los diputados Lupe N\u00fa\u00f1ez, Rub\u00e9n Maldonado, Juan Carlos Qui\u00f1ones, Juan Compr\u00e9s y dirigentes locales.<\/p>\n","protected":false},"excerpt":{"rendered":"<p>El expresidente de la Rep\u00fablica, Leonel Fern\u00e1ndez, proclam\u00f3 en la provincia Duarte que en un pr\u00f3ximo gobierno suyo quienes formen parte del gabinete deben tener un compromiso de integridad y de honestidad con el pueblo dominicano. \u201cTodos los pelede\u00edstas que formen parte del pr\u00f3ximo gobierno que encabezaremos a partir de agosto de 2020, tienen el compromiso de gobernar \u00edntegramente y honestamente a favor del pueblo dominicano\u201d, exclam\u00f3 Fern\u00e1ndez, precandidato presidencial del Partido de la Liberaci\u00f3n Dominicana (PLD), ante miles de simpatizantes del municipio cabecera de la provincia Duarte. Al vaticinar&hellip;<\/p>\n","protected":false},"author":3,"featured_media":784,"comment_status":"open","ping_status":"open","sticky":false,"template":"","format":"standard","meta":{"rop_custom_images_group":[],"rop_custom_messages_group":[],"rop_publish_now":"initial","rop_publish_now_accounts":[],"rop_publish_now_history":[],"rop_publish_now_status":"pending","footnotes":""},"categories":[20],"tags":[],"class_list":["post-783","post","type-post","status-publish","format-standard","has-post-thumbnail","hentry","category-leonel-fernandez"],"_links":{"self":[{"href":"https:\/\/larepublicanews.com.do\/live\/wp-json\/wp\/v2\/posts\/783","targetHints":{"allow":["GET"]}}],"collection":[{"href":"https:\/\/larepublicanews.com.do\/live\/wp-json\/wp\/v2\/posts"}],"about":[{"href":"https:\/\/larepublicanews.com.do\/live\/wp-json\/wp\/v2\/types\/post"}],"author":[{"embeddable":true,"href":"https:\/\/larepublicanews.com.do\/live\/wp-json\/wp\/v2\/users\/3"}],"replies":[{"embeddable":true,"href":"https:\/\/larepublicanews.com.do\/live\/wp-json\/wp\/v2\/comments?post=783"}],"version-history":[{"count":0,"href":"https:\/\/larepublicanews.com.do\/live\/wp-json\/wp\/v2\/posts\/783\/revisions"}],"wp:featuredmedia":[{"embeddable":true,"href":"https:\/\/larepublicanews.com.do\/live\/wp-json\/wp\/v2\/media\/784"}],"wp:attachment":[{"href":"https:\/\/larepublicanews.com.do\/live\/wp-json\/wp\/v2\/media?parent=783"}],"wp:term":[{"taxonomy":"category","embeddable":true,"href":"https:\/\/larepublicanews.com.do\/live\/wp-json\/wp\/v2\/categories?post=783"},{"taxonomy":"post_tag","embeddable":true,"href":"https:\/\/larepublicanews.com.do\/live\/wp-json\/wp\/v2\/tags?post=783"}],"curies":[{"name":"wp","href":"https:\/\/api.w.org\/{rel}","templated":true}]}}