{"id":780,"date":"2019-08-27T02:44:46","date_gmt":"2019-08-27T02:44:46","guid":{"rendered":"http:\/\/diario24news.com\/hoy\/?p=780"},"modified":"2019-08-27T02:44:46","modified_gmt":"2019-08-27T02:44:46","slug":"proclamaran-candidatura-presidencial-de-leonel-fernandez","status":"publish","type":"post","link":"https:\/\/larepublicanews.com.do\/live\/proclamaran-candidatura-presidencial-de-leonel-fernandez\/","title":{"rendered":"Proclamar\u00e1n candidatura presidencial de Leonel Fern\u00e1ndez"},"content":{"rendered":"<p>El ex presidente Leonel Fern\u00e1ndez ser\u00e1 proclamado de manera oficial candidato presidencial del Bloque Institucional Social Dem\u00f3crata (BIS), luego de que transcurran las primarias del 6 de octubre del Partido de la Liberaci\u00f3n Dominicana (PLD), en la que participar\u00e1 como precandidato de esa organizaci\u00f3n.<\/p>\n<p>As\u00ed lo inform\u00f3 Jos\u00e9 Francisco Pe\u00f1a Guaba, presidente del BIS, quien dijo que \u201cel nivel actual de complejidad administrativa del Estado exige, necesariamente, de un l\u00edder que a\u00fane a la excelencia de su formaci\u00f3n intelectual, el sosiego, la seguridad y la fiabilidad que s\u00f3lo da la experiencia.\u201d<\/p>\n<p>Pe\u00f1a Guaba indic\u00f3 que en el BIS est\u00e1n obligados a respaldar la candidatura de Fern\u00e1ndez, \u201cporque se trata de un liderazgo hist\u00f3rico, que se coloca a la altura de la excelencia democr\u00e1tica y de las realizaciones materiales a favor del pueblo dominicano.\u201d<\/p>\n<p>\u201cEn consecuencia, tal como ya han decidido los organismos del partido, la candidatura de Fern\u00e1ndez ser\u00e1 proclamada oficialmente desde que concluyan las primarias abiertas del 6 de octubre\u201d, reiter\u00f3.<\/p>\n<p>Precis\u00f3 que el BIS se encuentra actualmente en pleno proceso de detecci\u00f3n de candidatos y espera una de las mejores participaciones municipales y congresuales de su historia.<\/p>\n<p>Pe\u00f1a Guaba dijo que el BIS es la organizaci\u00f3n gestora de varias plataformas de concertaci\u00f3n pol\u00edtico-ciudadana, entre ellas la \u201cGran Alianza Nacional Renovadora\u201d (GANAR), cuyo candidato presidencial es Fern\u00e1ndez.<\/p>\n<p>Sostuvo que tanto el BIS como decenas de organizaciones y sectores de todo el pa\u00eds trabajan con el liderazgo local y de base para apoyar la candidatura presidencial de Leonel Fern\u00e1ndez, a quien apodan \u201cEl Le\u00f3n\u201d.<\/p>\n<p style=\"padding-left: 120px;\">\u201cLas primarias son la primera victoria\u201d enfatiz\u00f3 Pe\u00f1a Guaba, quien agreg\u00f3: \u201ctras ellas vamos por el triunfo en las presidenciales de 2020, con el respaldo de la mayor\u00eda del pueblo dominicano<\/p>\n","protected":false},"excerpt":{"rendered":"<p>El ex presidente Leonel Fern\u00e1ndez ser\u00e1 proclamado de manera oficial candidato presidencial del Bloque Institucional Social Dem\u00f3crata (BIS), luego de que transcurran las primarias del 6 de octubre del Partido de la Liberaci\u00f3n Dominicana (PLD), en la que participar\u00e1 como precandidato de esa organizaci\u00f3n. As\u00ed lo inform\u00f3 Jos\u00e9 Francisco Pe\u00f1a Guaba, presidente del BIS, quien dijo que \u201cel nivel actual de complejidad administrativa del Estado exige, necesariamente, de un l\u00edder que a\u00fane a la excelencia de su formaci\u00f3n intelectual, el sosiego, la seguridad y la fiabilidad que s\u00f3lo da la&hellip;<\/p>\n","protected":false},"author":3,"featured_media":781,"comment_status":"open","ping_status":"open","sticky":false,"template":"","format":"standard","meta":{"rop_custom_images_group":[],"rop_custom_messages_group":[],"rop_publish_now":"initial","rop_publish_now_accounts":[],"rop_publish_now_history":[],"rop_publish_now_status":"pending","footnotes":""},"categories":[24],"tags":[],"class_list":["post-780","post","type-post","status-publish","format-standard","has-post-thumbnail","hentry","category-politica"],"_links":{"self":[{"href":"https:\/\/larepublicanews.com.do\/live\/wp-json\/wp\/v2\/posts\/780","targetHints":{"allow":["GET"]}}],"collection":[{"href":"https:\/\/larepublicanews.com.do\/live\/wp-json\/wp\/v2\/posts"}],"about":[{"href":"https:\/\/larepublicanews.com.do\/live\/wp-json\/wp\/v2\/types\/post"}],"author":[{"embeddable":true,"href":"https:\/\/larepublicanews.com.do\/live\/wp-json\/wp\/v2\/users\/3"}],"replies":[{"embeddable":true,"href":"https:\/\/larepublicanews.com.do\/live\/wp-json\/wp\/v2\/comments?post=780"}],"version-history":[{"count":0,"href":"https:\/\/larepublicanews.com.do\/live\/wp-json\/wp\/v2\/posts\/780\/revisions"}],"wp:featuredmedia":[{"embeddable":true,"href":"https:\/\/larepublicanews.com.do\/live\/wp-json\/wp\/v2\/media\/781"}],"wp:attachment":[{"href":"https:\/\/larepublicanews.com.do\/live\/wp-json\/wp\/v2\/media?parent=780"}],"wp:term":[{"taxonomy":"category","embeddable":true,"href":"https:\/\/larepublicanews.com.do\/live\/wp-json\/wp\/v2\/categories?post=780"},{"taxonomy":"post_tag","embeddable":true,"href":"https:\/\/larepublicanews.com.do\/live\/wp-json\/wp\/v2\/tags?post=780"}],"curies":[{"name":"wp","href":"https:\/\/api.w.org\/{rel}","templated":true}]}}