{"id":769,"date":"2019-08-05T14:53:45","date_gmt":"2019-08-05T14:53:45","guid":{"rendered":"http:\/\/diario24news.com\/hoy\/?p=769"},"modified":"2019-08-05T14:53:45","modified_gmt":"2019-08-05T14:53:45","slug":"puerto-rico-la-fragilidad-del-poder","status":"publish","type":"post","link":"https:\/\/larepublicanews.com.do\/live\/puerto-rico-la-fragilidad-del-poder\/","title":{"rendered":"PUERTO RICO: LA FRAGILIDAD DEL PODER"},"content":{"rendered":"<p>POR:\u00a0LEONEL FERN\u00c1NDEZ |\u00a0@LeonelFernandez<\/p>\n<p>H\u00adace tan solo un mes nadie habr\u00eda imaginado que Ricardo Rosell\u00f3, quien se estaba preparando para su reelecci\u00f3n en el 2020, dejar\u00eda de ser el Gobernador de Puerto Rico.<\/p>\n<p>Desde el s\u00e1bado pasado lo es Pedro Pierluisa, ex comisionado residente en Washington, D.C., extra\u00eddo del ostracismo para ocupar el cargo.<\/p>\n<p>Pero la controversia jur\u00eddica que se ha suscitado en torno a su designaci\u00f3n, pone de relieve la magnitud de la crisis pol\u00edtica que, en estos momentos, sacude a la isla borinque\u00f1a.<\/p>\n<p>En principio, no le correspond\u00eda a Pedro Pierluisa ser el sucesor de Rosell\u00f3. Eso, conforme a la Constituci\u00f3n de Puerto Rico, le corresponde al Secretario de Estado.<\/p>\n<p>Ocurri\u00f3, sin embargo, que el secretario de Estado, Luis Rivera Mar\u00edn, present\u00f3 su renuncia al cargo, con anterioridad, inclusive, al propio gobernador Rosell\u00f3.<\/p>\n<p>A falta de secretario de Estado, eso dejaba, entonces, en la l\u00ednea sucesoral a la secretaria de Justicia, Wanda V\u00e1zquez. Pero esta, en raz\u00f3n de cuestionamientos que se hacen a su desempe\u00f1o en la funci\u00f3n, en un caso t\u00edpico de tragicomedia, expres\u00f3 su desinter\u00e9s por el apetecido cargo.<\/p>\n<p>El tercero en l\u00ednea para poder acceder a la m\u00e1s alta funci\u00f3n de la administraci\u00f3n p\u00fablica puertorrique\u00f1a es el secretario de Hacienda, Francisco Par\u00e9s.<\/p>\n<p>Sin embargo, con este ocurri\u00f3 lo inesperado: no tiene edad para desempe\u00f1ar el cargo. La Constituci\u00f3n establece como requisito tener al menos 35 a\u00f1os de edad. El secretario Par\u00e9s solo tiene 31. Fue eso, en consecuencia, lo que catapult\u00f3 al escenario a Pedro Pierluisa, quien, para juramentarse como Gobernador, ha debido ser previamente investido como secretario de Estado.<\/p>\n<p>As\u00ed se hizo. El gobernador Rosell\u00f3 lo design\u00f3 en tal posici\u00f3n. La C\u00e1mara de Representantes lo confirm\u00f3. No as\u00ed el Senado, que hab\u00eda declarado que para hoy, lunes, evaluar\u00eda su nombramiento y lo llevar\u00eda a votaci\u00f3n.<\/p>\n<p>Eso, por supuesto, abre la controversia jur\u00eddica de si un secretario de Estado, sin confirmar por ambas c\u00e1maras, tiene la capacidad legal de ser designado Gobernador, a los fines de reemplazar a Ricardo Rosell\u00f3.<\/p>\n<p>En fin, que, Puerto Rico inicia la semana con un Gobernador en su laberinto.<\/p>\n<p>El chat que estremeci\u00f3 a Borinquen<\/p>\n<p>El terremoto pol\u00edtico que durante cerca de dos semanas conmovi\u00f3 a la sociedad puertorrique\u00f1a tuvo un origen inesperado. Un exsecretario, seg\u00fan se rumora, ofendido por su imprevista destituci\u00f3n, filtr\u00f3 casi 900 p\u00e1ginas de conversaciones transmitidas a trav\u00e9s de la aplicaci\u00f3n de mensajer\u00eda Telegram.<\/p>\n<p>En esas conversaciones participaban el gobernador Rosell\u00f3, varios miembros de su gabinete, asesores y relacionados. Se emitieron expresiones peyorativas y se ridiculizaron l\u00edderes pol\u00edticos, artistas, dirigentes comunitarios, personas con discapacidad y hasta v\u00edctimas de los desastres naturales que hace dos a\u00f1os hab\u00edan impactado al pa\u00eds.<\/p>\n<p>Nadie escap\u00f3 a la burla, el sarcasmo y el insulto. Como consecuencia se produjo una indignaci\u00f3n generalizada. Literalmente, casi todo el pueblo de Puerto Rico se manifest\u00f3 en contra. Decenas de miles de personas se lanzaron a las calles bajo una sola consigna: \u201cRicky renuncia ya\u201d.<\/p>\n<p>Destacadas figuras del arte como Ren\u00e9 P\u00e9rez (Residente), Bad Bunny, Ricky Martin, Daddy Yankee, y Wisin, emplearon a fondo su poder de convocatoria para movilizar a amplios sectores de la sociedad. Lo hac\u00edan a ritmo de reggaet\u00f3n, entonando una pieza contagiosa, adecuada para el momento: Afilando Cuchillo. A pesar del tumulto que se repet\u00eda cada noche, de las oleadas de multitudes que se lanzaban a las calles, el gobernador Rosell\u00f3, en principio, se resisti\u00f3 al reclamo de los protestantes.<\/p>\n<p>Manifest\u00f3 que no renunciar\u00eda. Pero, ante la continuaci\u00f3n de las presiones, decidi\u00f3 declarar que no se presentar\u00eda como candidato a la reelecci\u00f3n en los comicios del a\u00f1o venidero, 2020.<\/p>\n<p>No obstante, el clima pol\u00edtico se ensombrec\u00eda cada vez m\u00e1s. Tuvo que presentar renuncia a su condici\u00f3n de presidente del Partido Nuevo Progresista (PNP); y un proceso de impeachment o juicio pol\u00edtico empezaba a incubarse, por parte de sus adversarios, internos y externos, en la C\u00e1mara de Representantes.<\/p>\n<p>Al final, el gobernador Rosell\u00f3 no pudo continuar resistiendo el asedio a que era implacablemente sometido. Comprendi\u00f3 que el poder tiene sus l\u00edmites; que en tiempos actuales, resulta muy fr\u00e1gil; que a\u00fan las bromas pueden provocar indignaci\u00f3n y hacer demoler las estructuras de poder; y que, en definitiva, quien siempre manda, es el pueblo.<\/p>\n<p>As\u00ed pues, renunci\u00f3.<\/p>\n<p>Razones de fondo<\/p>\n<p>Naturalmente, no fue tan solo el episodio de la filtraci\u00f3n de los mensajes contenidos en el chat lo que provoc\u00f3 la ira de la sociedad puertorrique\u00f1a. Dos semanas antes de ese episodio, varios exfuncionarios fueron arrestados por el FBI, para fines de investigaci\u00f3n, por supuestos actos irregulares cometidos en el ejercicio de sus funciones.<\/p>\n<p>A esa situaci\u00f3n de falta de transparencia por parte de funcionarios, se le a\u00f1ade el hecho de la angustia y el sufrimiento padecido por numerosas personas, como consecuencia del paso de los huracanes Irma y Mar\u00eda hace dos a\u00f1os.<\/p>\n<p>Esos desastres naturales pusieron en evidencia las carencias y debilidades estructurales de la sociedad puertorrique\u00f1a. A pesar de que las autoridades, en principio, solo declararon la muerte de 64 personas, un estudio posterior de la Universidad de Harvard comprob\u00f3 que este hab\u00eda sido superior al de las 4 mil v\u00edctimas.<\/p>\n<p>Eso, obviamente, gener\u00f3 c\u00f3lera e irritaci\u00f3n en la sociedad puertorrique\u00f1a. Sac\u00f3 a relucir la incompetencia, insensibilidad y hasta falta de solidaridad del gobierno, que conforme a la percepci\u00f3n de la ciudadan\u00eda, no guardaba respeto ni siquiera por sus muertos.<\/p>\n<p>Durante cerca de un a\u00f1o, numerosos hogares carec\u00edan de servicio el\u00e9ctrico, acceso al agua potable y otros servicios b\u00e1sicos. Varias carreteras permanec\u00edan sin ser reparadas; puentes sin ser restituidos; planteles escolares sin ser rehabilitados; y hospitales sin servicios adecuados.<\/p>\n<p>Pero, en realidad, desde hace cerca de 15 a\u00f1os, Puerto Rico atraviesa por una situaci\u00f3n permanente de crisis econ\u00f3mica. Ante una deuda p\u00fablica que super\u00f3 los 70 mil millones de d\u00f3lares, Puerto Rico cay\u00f3 en default, o en estado de cesaci\u00f3n de pagos.<\/p>\n<p>Frente a eso, el Congreso de los Estados Unidos aprob\u00f3 en el 2015 la llamada Ley Promesa, en virtud de la cual se design\u00f3 una Junta de Supervisi\u00f3n Fiscal, la cual pr\u00e1cticamente tiene el control absoluto de todo el sistema administrativo-financiero del Estado Libre Asociado de Puerto Rico.<\/p>\n<p>Determina su presupuesto; ordena aplicar pol\u00edticas de austeridad; decide la reducci\u00f3n de las pensiones de los m\u00e1s de 500 mil jubilados del servicio p\u00fablico; elimina el bono de Navidad; y ordena el despido de m\u00e1s de 50 mil empleados del gobierno.<\/p>\n<p>Desde entonces, la econom\u00eda puertorrique\u00f1a se encuentra estancada. El desempleo aumenta y su poblaci\u00f3n disminuye cada a\u00f1o. Millares de personas han abandonado la isla en la \u00faltima d\u00e9cada. El \u00e9xodo contin\u00faa imparable. Frente a los 3 millones, 200 mil ciudadanos que viven en Puerto Rico, hay 5 millones, 500 mil que residen en los Estados Unidos.<\/p>\n<p>La crisis, por consiguiente, viene de lejos. Pero faltaba la chispa que encendiera la pradera. Esas fueron las bromas de mal gusto que irritaron un pueblo, pusieron fin a un gobierno e hicieron traslucir la fragilidad del poder.<\/p>\n","protected":false},"excerpt":{"rendered":"<p>POR:\u00a0LEONEL FERN\u00c1NDEZ |\u00a0@LeonelFernandez H\u00adace tan solo un mes nadie habr\u00eda imaginado que Ricardo Rosell\u00f3, quien se estaba preparando para su reelecci\u00f3n en el 2020, dejar\u00eda de ser el Gobernador de Puerto Rico. Desde el s\u00e1bado pasado lo es Pedro Pierluisa, ex comisionado residente en Washington, D.C., extra\u00eddo del ostracismo para ocupar el cargo. Pero la controversia jur\u00eddica que se ha suscitado en torno a su designaci\u00f3n, pone de relieve la magnitud de la crisis pol\u00edtica que, en estos momentos, sacude a la isla borinque\u00f1a. En principio, no le correspond\u00eda a&hellip;<\/p>\n","protected":false},"author":3,"featured_media":770,"comment_status":"open","ping_status":"open","sticky":false,"template":"","format":"standard","meta":{"rop_custom_images_group":[],"rop_custom_messages_group":[],"rop_publish_now":"initial","rop_publish_now_accounts":[],"rop_publish_now_history":[],"rop_publish_now_status":"pending","footnotes":""},"categories":[20],"tags":[],"class_list":["post-769","post","type-post","status-publish","format-standard","has-post-thumbnail","hentry","category-leonel-fernandez"],"_links":{"self":[{"href":"https:\/\/larepublicanews.com.do\/live\/wp-json\/wp\/v2\/posts\/769","targetHints":{"allow":["GET"]}}],"collection":[{"href":"https:\/\/larepublicanews.com.do\/live\/wp-json\/wp\/v2\/posts"}],"about":[{"href":"https:\/\/larepublicanews.com.do\/live\/wp-json\/wp\/v2\/types\/post"}],"author":[{"embeddable":true,"href":"https:\/\/larepublicanews.com.do\/live\/wp-json\/wp\/v2\/users\/3"}],"replies":[{"embeddable":true,"href":"https:\/\/larepublicanews.com.do\/live\/wp-json\/wp\/v2\/comments?post=769"}],"version-history":[{"count":0,"href":"https:\/\/larepublicanews.com.do\/live\/wp-json\/wp\/v2\/posts\/769\/revisions"}],"wp:featuredmedia":[{"embeddable":true,"href":"https:\/\/larepublicanews.com.do\/live\/wp-json\/wp\/v2\/media\/770"}],"wp:attachment":[{"href":"https:\/\/larepublicanews.com.do\/live\/wp-json\/wp\/v2\/media?parent=769"}],"wp:term":[{"taxonomy":"category","embeddable":true,"href":"https:\/\/larepublicanews.com.do\/live\/wp-json\/wp\/v2\/categories?post=769"},{"taxonomy":"post_tag","embeddable":true,"href":"https:\/\/larepublicanews.com.do\/live\/wp-json\/wp\/v2\/tags?post=769"}],"curies":[{"name":"wp","href":"https:\/\/api.w.org\/{rel}","templated":true}]}}