{"id":765,"date":"2019-08-02T19:23:27","date_gmt":"2019-08-02T19:23:27","guid":{"rendered":"http:\/\/diario24news.com\/hoy\/?p=765"},"modified":"2019-08-02T19:23:27","modified_gmt":"2019-08-02T19:23:27","slug":"leonel-fernandez-dice-metro-de-santo-domingo-ha-transformado-ala-sociedad-dominicana","status":"publish","type":"post","link":"https:\/\/larepublicanews.com.do\/live\/leonel-fernandez-dice-metro-de-santo-domingo-ha-transformado-ala-sociedad-dominicana\/","title":{"rendered":"Leonel Fern\u00e1ndez dice Metro de Santo Domingo ha transformado ala sociedad dominicana"},"content":{"rendered":"<p>BOGOT\u00c1 (Colombia).-El expresidente de la Rep\u00fablica Dominicana,<br \/>\ndoctor Leonel Fern\u00e1ndez, afirm\u00f3 aqu\u00ed que el Metro de Santo Domingo ha sido<br \/>\nuna obra transformadora para el bienestar de la sociedad dominicana.<br \/>\nEn una conversaci\u00f3n con la periodista, escritora y presentadora de<br \/>\ntelevisi\u00f3n colombiana Margarita Vidal Garc\u00e9s, junto al expresidente colombiano<br \/>\nErnesto Samper, Fern\u00e1ndez narr\u00f3 que cuando inici\u00f3 la construcci\u00f3n del Metro,<br \/>\nsu gobierno encontr\u00f3 fuerte oposici\u00f3n de parte de sectores que se beneficiaban<br \/>\nde la situaci\u00f3n que imperaba en el pa\u00eds en materia de transporte colectivo.<br \/>\nAgreg\u00f3 que, de igual manera, la obra tambi\u00e9n era rechazada por un<br \/>\nsegmento de la poblaci\u00f3n que se preguntaba por qu\u00e9 un pa\u00eds tan peque\u00f1o<br \/>\ncomo la Rep\u00fablica Dominicana se embarcaba en una obra de tan grande<br \/>\nenvergadura.<br \/>\nSostuvo que ahora, por el contrario, lo que la gente pide es que se ampl\u00ede la<br \/>\nsegunda l\u00ednea del Metro.<br \/>\n&amp;quot;Con ese desarrollo urbano que est\u00e1 ocurriendo en todas partes del mundo, el<br \/>\ntr\u00e1nsito se hace imposible, por lo que ahora la gente se pregunta: si no se<br \/>\nhubiera hecho el Metro, c\u00f3mo hubi\u00e9ramos podido transitar?&amp;quot;, coment\u00f3.<br \/>\nFern\u00e1ndez tambi\u00e9n destac\u00f3 que el Metro de Santo Domingo es una obra<br \/>\nde factura mayormente criolla, ya que fueron ingenieros dominicanos que<br \/>\nhicieron toda la estructura de ingenier\u00eda gris, incluyendo los t\u00faneles, lo que<br \/>\npermiti\u00f3 abaratar los costos del proyecto.<br \/>\nA seguidas, el exmandatario destac\u00f3 el orgullo que sienten los<br \/>\ndominicanos de tener un sistema de transporte colectivo tan efectivo, lo que ha<br \/>\ncontribuido a elevar su autoestima.<br \/>\n&amp;quot; El Metro, la gente lo valora; lo cuida&amp;quot;, se\u00f1al\u00f3, tras informar que de acuerdo a<br \/>\nestad\u00edsticas oficiales divulgadas el a\u00f1o pasado, el Metro de Santo Domingo<br \/>\nhab\u00eda tenido 100 millones de usuarios, lo que significa diez veces la poblaci\u00f3n<br \/>\nnacional.<br \/>\nAl introducir el tema, la comunicadora Vidal Garc\u00e9s dijo que envidia a<br \/>\nSanto Domingo por el Metro, y coment\u00f3 que en 70 a\u00f1os la ciudad de Bogot\u00e1 no<br \/>\nha logrado construir la primera l\u00ednea de un sistema de transporte colectivo de<br \/>\nesa naturaleza.<br \/>\n<strong>Motivo de la Visita<\/strong><br \/>\nEl expresidente Fern\u00e1ndez particip\u00f3 como invitado especial en dos<br \/>\nseminarios que se llevaron a cabo en esta ciudad, en los cuales se abordaron<br \/>\ntemas relacionados con el desarrollo econ\u00f3mico, pol\u00edtico, social y cultural.<\/p>\n<p>En los encuentros, que se efectuaron en el Colegio Gimnasio Moderno \u2013<br \/>\nBiblioteca de los Fundadores, de Bogot\u00e1, participaron m\u00e1s de 20 exministros,<br \/>\nas\u00ed como varios funcionarios, acad\u00e9micos y estudiantes de diferentes ramas.<br \/>\nEntre los temas que fueron abordados en los seminarios est\u00e1 el<br \/>\nconcerniente al \u201cSalto Social\u201d o Plan Nacional de Desarrollo y Ley de<br \/>\nInversiones que dise\u00f1\u00f3 e impuls\u00f3 en Colombia la administraci\u00f3n que encabez\u00f3<br \/>\nErnesto Samper entre 1994 y 1998, hecho de cuyo inicio se cumplen 25 a\u00f1os.<br \/>\nA prop\u00f3sito, cabe destacar que el \u201cSalto Social\u201d\u00a0 tuvo como prioridad<br \/>\nbeneficiar a los sectores marginados y aumentar el gasto en salud, educaci\u00f3n,<br \/>\nagua potable y vivienda.<br \/>\nAdem\u00e1s, se propuso compensar las desigualdades sociales\u00a0 producidas por el<br \/>\ndesarrollo econ\u00f3mico y el proceso de apertura\u00a0 iniciada en la administraci\u00f3n<br \/>\nanterior.<br \/>\nDe igual manera, la administraci\u00f3n de Samper propuso un pacto social<br \/>\npara controlar la inflaci\u00f3n, consistente en concertar con los tres sectores<br \/>\nencargados de la econom\u00eda: el Estado, los empresarios y los trabajadores.<br \/>\nCon su propuesta de desarrollo, Samper se propuso formar un nuevo<br \/>\nciudadano colombiano, m\u00e1s productivo en lo econ\u00f3mico, m\u00e1s solidario en lo<br \/>\nsocial, m\u00e1s participativo y tolerante en lo pol\u00edtico,\u00a0 m\u00e1s respetuoso de los<br \/>\nderechos humanos y por tanto m\u00e1s pac\u00edfico en sus relaciones con los<br \/>\nsemejantes.<\/p>\n","protected":false},"excerpt":{"rendered":"<p>BOGOT\u00c1 (Colombia).-El expresidente de la Rep\u00fablica Dominicana, doctor Leonel Fern\u00e1ndez, afirm\u00f3 aqu\u00ed que el Metro de Santo Domingo ha sido una obra transformadora para el bienestar de la sociedad dominicana. En una conversaci\u00f3n con la periodista, escritora y presentadora de televisi\u00f3n colombiana Margarita Vidal Garc\u00e9s, junto al expresidente colombiano Ernesto Samper, Fern\u00e1ndez narr\u00f3 que cuando inici\u00f3 la construcci\u00f3n del Metro, su gobierno encontr\u00f3 fuerte oposici\u00f3n de parte de sectores que se beneficiaban de la situaci\u00f3n que imperaba en el pa\u00eds en materia de transporte colectivo. Agreg\u00f3 que, de igual manera,&hellip;<\/p>\n","protected":false},"author":3,"featured_media":766,"comment_status":"open","ping_status":"open","sticky":false,"template":"","format":"standard","meta":{"rop_custom_images_group":[],"rop_custom_messages_group":[],"rop_publish_now":"initial","rop_publish_now_accounts":[],"rop_publish_now_history":[],"rop_publish_now_status":"pending","footnotes":""},"categories":[20,24],"tags":[],"class_list":["post-765","post","type-post","status-publish","format-standard","has-post-thumbnail","hentry","category-leonel-fernandez","category-politica"],"_links":{"self":[{"href":"https:\/\/larepublicanews.com.do\/live\/wp-json\/wp\/v2\/posts\/765","targetHints":{"allow":["GET"]}}],"collection":[{"href":"https:\/\/larepublicanews.com.do\/live\/wp-json\/wp\/v2\/posts"}],"about":[{"href":"https:\/\/larepublicanews.com.do\/live\/wp-json\/wp\/v2\/types\/post"}],"author":[{"embeddable":true,"href":"https:\/\/larepublicanews.com.do\/live\/wp-json\/wp\/v2\/users\/3"}],"replies":[{"embeddable":true,"href":"https:\/\/larepublicanews.com.do\/live\/wp-json\/wp\/v2\/comments?post=765"}],"version-history":[{"count":0,"href":"https:\/\/larepublicanews.com.do\/live\/wp-json\/wp\/v2\/posts\/765\/revisions"}],"wp:featuredmedia":[{"embeddable":true,"href":"https:\/\/larepublicanews.com.do\/live\/wp-json\/wp\/v2\/media\/766"}],"wp:attachment":[{"href":"https:\/\/larepublicanews.com.do\/live\/wp-json\/wp\/v2\/media?parent=765"}],"wp:term":[{"taxonomy":"category","embeddable":true,"href":"https:\/\/larepublicanews.com.do\/live\/wp-json\/wp\/v2\/categories?post=765"},{"taxonomy":"post_tag","embeddable":true,"href":"https:\/\/larepublicanews.com.do\/live\/wp-json\/wp\/v2\/tags?post=765"}],"curies":[{"name":"wp","href":"https:\/\/api.w.org\/{rel}","templated":true}]}}