{"id":753,"date":"2019-07-18T15:48:02","date_gmt":"2019-07-18T15:48:02","guid":{"rendered":"http:\/\/diario24news.com\/hoy\/?p=753"},"modified":"2019-07-18T15:48:02","modified_gmt":"2019-07-18T15:48:02","slug":"leonel-fernandez-lo-lamento-pero-no-puedo-apoyar-la-modificacion-a-la-constitucion","status":"publish","type":"post","link":"https:\/\/larepublicanews.com.do\/live\/leonel-fernandez-lo-lamento-pero-no-puedo-apoyar-la-modificacion-a-la-constitucion\/","title":{"rendered":"Leonel Fern\u00e1ndez: \u201cLo lamento, pero no puedo\u201d apoyar la modificaci\u00f3n a la Constituci\u00f3n"},"content":{"rendered":"<p>El ex presidente de la Rep\u00fablica Leonel Fern\u00e1ndez advirti\u00f3 que no ser\u00e1 indiferente ante la posible modificaci\u00f3n de la Constituci\u00f3n de la naci\u00f3n, \u201ccon el \u00fanico prop\u00f3sito de facilitar la continuidad en el poder del presidente de la Rep\u00fablica\u201d.<\/p>\n<p>\u201cLo lamento, pero no lo puedo apoyar\u201d, enfatiz\u00f3 Fern\u00e1ndez tras citar que entr\u00f3 a la pol\u00edtica a trav\u00e9s del Partido de la Liberaci\u00f3n Dominicana (PLD) porque no pod\u00eda ser indiferente e insensible con lo que estaba ocurriendo en el pa\u00eds, y no por alg\u00fan cargo p\u00fablico.<\/p>\n<p>\u201cAhora tampoco puedo ser indiferente, ahora tampoco puedo ser indiferente\u201d, plante\u00f3 el tambi\u00e9n aspirante a la nominaci\u00f3n presidencial ante miles de seguidores de diferentes partes del pa\u00eds quienes lo ovacionaban en medio de un fuerte aguaceros.<\/p>\n<p>Constituci\u00f3n 2020.\u00a0En respuesta a quienes dicen que se aprovech\u00f3 de una modificaci\u00f3n,\u00a0Fern\u00e1ndez explic\u00f3 que en la consulta que realiz\u00f3 en el a\u00f1o 2010 para la modificaci\u00f3n de la Constituci\u00f3n, de las 77 preguntas que se formularon a la ciudadan\u00eda, el 50% estableci\u00f3 que prefer\u00edan dos per\u00edodos consecutivos. En ese sentido, agreg\u00f3 no es cierto que la modificaci\u00f3n se produjo para \u00e9l poder volver al poder.<\/p>\n<p>\u201cDe manera que lo que han sostenido que la Constituci\u00f3n del 2010 yo la promov\u00ed con el prop\u00f3sito de habilitarme para el futuro, desconocen la realidad. Fue el pueblo dominicano consultado ah\u00ed, que decidi\u00f3 fueran dos per\u00edodos, pero finalmente qued\u00f3 uno s\u00ed y uno no, debido a la decisi\u00f3n del Partido Revolucionario Dominicano\u201d.<\/p>\n<p>Enfatiz\u00f3 que la Constituci\u00f3n es un pacto social y no \u201cel monopolio exclusivo de un Congreso o un parlamento\u201d, sino la expresi\u00f3n del sentimiento nacional.<\/p>\n<p>Su lamento. Fern\u00e1ndez, quien se hizo acompa\u00f1ar de algunos altos dirigentes del PLD y legisladores, expres\u00f3 que lamenta que hoy \u201cestemos aqu\u00ed frente al Congreso Nacional\u201d exigiendo que se respete la Constituci\u00f3n, cuando la mayor\u00eda de los legisladores, incluyendo los presidentes de ambas c\u00e1maras, son de esa organizaci\u00f3n pol\u00edtica.<\/p>\n<p>\u201cYo lamento profundamente que hoy estemos aqu\u00ed frente al Congreso Nacional pidi\u00e9ndo respeto a la Constituci\u00f3n, cuando se que la mayor\u00eda de los legisladores, el presidente del Senado, el presidente de la C\u00e1mara de Diptuados, son compa\u00f1eros nuestros en el Comit\u00e9 Pol\u00edtico del Partido de la Liberaci\u00f3n Dominicana\u201d, dijo.<\/p>\n<p>Se\u00f1al\u00f3 que siente un profundo respeto por el presidente de la Rep\u00fablica, Danilo Medina, y por los miembros del Comit\u00e9 Pol\u00edtico, del Comit\u00e9 Central y de todos los estamentos del partido, sin embargo, dijo que no ser\u00e1 indiferente ante la situaci\u00f3n actual.<\/p>\n<p>Representa la minor\u00eda. En su discurso en\u00a0el que tom\u00f3 un espacio para lamentar el hecho de estar hablando a los presentes bajo la lluvia, el presidente del PLD respondi\u00f3 tambi\u00e9n a aquellos altos dirigentes pol\u00edticos de su organizaci\u00f3n que han se\u00f1alado de manera p\u00fablica que representa a la minor\u00eda dentro de la organizaci\u00f3n.<\/p>\n<p>En ese orden, expres\u00f3 que la mayor\u00eda lo representa el pueblo dominicano el cual ha pedido en m\u00e1s de un 80 por ciento que se respete la Constituci\u00f3n de la Rep\u00fablica, por lo que llam\u00f3 a los dirigentes del partido a \u201cponer sus o\u00eddos en el coraz\u00f3n del pueblo y que sepan que el soberano, el pueblo dominicano, est\u00e1 pidiendo que se respete la Constituci\u00f3n\u201d.<\/p>\n<p>\u201cY como se me dice, y se me repita constantemente, que respete la decisi\u00f3n de la mayor\u00eda; que yo solo represento a una minor\u00eda y que debo someterme a las decisiones de los organismos, yo digo: la mayor\u00eda est\u00e1 en el pueblo dominicano, el 80 por ciento del pueblo dominicano ha dicho que se respete la Constituci\u00f3n\u201d.<\/p>\n<p>\u200c<\/p>\n","protected":false},"excerpt":{"rendered":"<p>El ex presidente de la Rep\u00fablica Leonel Fern\u00e1ndez advirti\u00f3 que no ser\u00e1 indiferente ante la posible modificaci\u00f3n de la Constituci\u00f3n de la naci\u00f3n, \u201ccon el \u00fanico prop\u00f3sito de facilitar la continuidad en el poder del presidente de la Rep\u00fablica\u201d. \u201cLo lamento, pero no lo puedo apoyar\u201d, enfatiz\u00f3 Fern\u00e1ndez tras citar que entr\u00f3 a la pol\u00edtica a trav\u00e9s del Partido de la Liberaci\u00f3n Dominicana (PLD) porque no pod\u00eda ser indiferente e insensible con lo que estaba ocurriendo en el pa\u00eds, y no por alg\u00fan cargo p\u00fablico. \u201cAhora tampoco puedo ser indiferente,&hellip;<\/p>\n","protected":false},"author":3,"featured_media":754,"comment_status":"open","ping_status":"open","sticky":false,"template":"","format":"standard","meta":{"rop_custom_images_group":[],"rop_custom_messages_group":[],"rop_publish_now":"initial","rop_publish_now_accounts":[],"rop_publish_now_history":[],"rop_publish_now_status":"pending","footnotes":""},"categories":[31],"tags":[],"class_list":["post-753","post","type-post","status-publish","format-standard","has-post-thumbnail","hentry","category-tendencia"],"_links":{"self":[{"href":"https:\/\/larepublicanews.com.do\/live\/wp-json\/wp\/v2\/posts\/753","targetHints":{"allow":["GET"]}}],"collection":[{"href":"https:\/\/larepublicanews.com.do\/live\/wp-json\/wp\/v2\/posts"}],"about":[{"href":"https:\/\/larepublicanews.com.do\/live\/wp-json\/wp\/v2\/types\/post"}],"author":[{"embeddable":true,"href":"https:\/\/larepublicanews.com.do\/live\/wp-json\/wp\/v2\/users\/3"}],"replies":[{"embeddable":true,"href":"https:\/\/larepublicanews.com.do\/live\/wp-json\/wp\/v2\/comments?post=753"}],"version-history":[{"count":0,"href":"https:\/\/larepublicanews.com.do\/live\/wp-json\/wp\/v2\/posts\/753\/revisions"}],"wp:featuredmedia":[{"embeddable":true,"href":"https:\/\/larepublicanews.com.do\/live\/wp-json\/wp\/v2\/media\/754"}],"wp:attachment":[{"href":"https:\/\/larepublicanews.com.do\/live\/wp-json\/wp\/v2\/media?parent=753"}],"wp:term":[{"taxonomy":"category","embeddable":true,"href":"https:\/\/larepublicanews.com.do\/live\/wp-json\/wp\/v2\/categories?post=753"},{"taxonomy":"post_tag","embeddable":true,"href":"https:\/\/larepublicanews.com.do\/live\/wp-json\/wp\/v2\/tags?post=753"}],"curies":[{"name":"wp","href":"https:\/\/api.w.org\/{rel}","templated":true}]}}