{"id":746,"date":"2019-07-07T20:51:53","date_gmt":"2019-07-07T20:51:53","guid":{"rendered":"http:\/\/diario24news.com\/hoy\/?p=746"},"modified":"2019-07-07T20:51:53","modified_gmt":"2019-07-07T20:51:53","slug":"leonel-proclama-venceremos-en-esta-lucha-por-el-respeto-a-la-constitucion","status":"publish","type":"post","link":"https:\/\/larepublicanews.com.do\/live\/leonel-proclama-venceremos-en-esta-lucha-por-el-respeto-a-la-constitucion\/","title":{"rendered":"Leonel proclama \u201cvenceremos en esta lucha\u201d por el respeto a la Constituci\u00f3n"},"content":{"rendered":"<p>Rechaza laborantismo desde la sombra persista en ir contra mayor\u00eda del pueblo<\/p>\n<p>Santo Domingo;-\u00a0El presidente del Partido de la Liberaci\u00f3n Dominicana (PLD), Leonel Fern\u00e1ndez, quien encabez\u00f3 este domingo una asamblea convocada por el equipo de direcci\u00f3n estrat\u00e9gica con enlaces, coordinadores, miembros del Comit\u00e9 Central y del Comit\u00e9 Pol\u00edtico, explic\u00f3 que el motivo del encuentro se debe a que hoy 7 de julio, de acuerdo a la Ley de Partidos, inicia la precampa\u00f1a y adem\u00e1s, de que se est\u00e1 en la antesala de un desenlace final \u201cde este gran debate que se ha tenido en los \u00faltimos tiempos sobre la Constituci\u00f3n en la Rep\u00fablica Dominicana\u201d.<\/p>\n<p>\u201cNosotros confiamos de que la sensatez se impondr\u00e1, de que la raz\u00f3n prevalecer\u00e1 y que se respetar\u00e1 la Constituci\u00f3n de la Rep\u00fablica, dijo Fern\u00e1ndez, al calificar la asamblea de entusiasta y optimista.<\/p>\n<p>Destac\u00f3 que a partir de ma\u00f1ana solo quedar\u00edan 18 d\u00edas h\u00e1biles hasta el 26 de junio cuando culmina la actual legislatura para que se intente modificar la Constituci\u00f3n y que ser\u00e1 un proceso forzoso porque hay inter\u00e9s de captar legisladores que est\u00e1n en desacuerdo, y que sus propias direcciones pol\u00edticas han rechazado que se produzca el cambio a la Carta Magna.<\/p>\n<p>\u201cSin embargo hay un laborantismo en la sombra para que esto se produzca y nosotros lo rechazamos plenamente. Estamos convencidos que con\u00a0 la lucha del pueblo, la convicci\u00f3n que existe en la sociedad dominicana de respeto a la Constituci\u00f3n para que se consolide la democracia, venceremos en esta lucha y se abrir\u00e1n nuevas perspectivas para seguir fortaleciendo el estado social y democr\u00e1tico\u201d, afirm\u00f3 el presidente del PLD.<\/p>\n<p>Se\u00f1al\u00f3 que no se puede pretender hacer una reforma constitucional cuando hay una sociedad\u00a0 que est\u00e1 en contra, y que en todas las encuestas se ha reflejado de manera consistente que el 70 % de la poblaci\u00f3n dominicana ha dicho que est\u00e1 en desacuerdo.<\/p>\n<p>\u201cLa sociedad civil, instituciones como Finjus, Participaci\u00f3n Ciudadana, Juan 23, etc\u00e9tera, todas se han expresado sistem\u00e1ticamente en contra\u201d, precis\u00f3 Fern\u00e1ndez.<\/p>\n<p>Sobre proceso de firmas en el CN para que se respete la Carta Magna<\/p>\n<p>Resalt\u00f3 el rechazo generalizado a que se produzca una segunda reforma constitucional consecutiva, y que por eso fue informado por la Coalici\u00f3n de la Defensa a la Constituci\u00f3n y la Democracia que a partir de ma\u00f1ana lunes 8 de julio iniciar\u00e1 un proceso de firmas contra esas pretensiones en los alrededores del Congreso.<\/p>\n<p>\u201cEmpezar\u00e1 un proceso de ciudadanos que iremos a los entornos del Congreso Nacional a estampar su firma\u00a0 en defensa a la Constituci\u00f3n de la Rep\u00fablica y ese ser\u00e1 un fen\u00f3meno de masas de car\u00e1cter popular. \u00a1El pueblo dominicano expres\u00e1ndose\u2026 diciendo que se respete\u00a0 la Constituci\u00f3n!\u201d, manifest\u00f3.<\/p>\n<p>Ante las voces que han estado sosteniendo que por qu\u00e9 oponerse a una reforma constitucional ya que la propia Constituci\u00f3n establece la manera, dijo que resulta que la Carta Sustantiva es un pacto social, es la ley de leyes \u201cy por lo consiguiente, lo que se estila en cualquier pa\u00eds democr\u00e1tico con fuertes instituciones es un debate nacional, como lo hicimos en 2010\u201d.<\/p>\n<p>Expres\u00f3 que dentro de las filas del partido gobernante, \u201cel partido m\u00e1s fuerte de la Rep\u00fablica Dominicana, un segmento importante no est\u00e1 de acuerdo con una segunda reforma constitucional consecutiva, que solo se concentra fundamentalmente en la continuaci\u00f3n en el poder del mandatario de turno\u201d.<\/p>\n<p>\u201cEn la historia de la Rep\u00fablica Dominicana eso nunca ha ocurrido, dos reformas constitucionales consecutivas con el principal objetivo de que el presidente de la Rep\u00fablica permanezca\u2026 \u00a1eso no ha ocurrido! y alguien podr\u00eda decir \u00bfy qu\u00e9 pasaba con el Dr. Joaqu\u00edn Balaguer que se reeligi\u00f3 tantas veces? Bueno, porque la Constituci\u00f3n de 1966 plante\u00f3 reelecci\u00f3n indefinida. Ahora bien, se cuestionaba pol\u00edticamente esa continuidad en el poder y se cuestionaba la transparencia de los procesos electorales\u201d, explic\u00f3 Fern\u00e1ndez.<\/p>\n<p>A prop\u00f3sito de que hoy 7 de julio, de conformidad con la Ley de Partidos inicia la precampa\u00f1a, record\u00f3 que el 22 de agosto se deber\u00e1 presentar ante la Junta Central Electoral a los candidatos que ir\u00e1n a primarias, quienes se escoger\u00e1n el 6 de octubre.<\/p>\n<p>Asimismo adelant\u00f3 que se convoc\u00f3 para una asamblea posterior para la pr\u00f3xima semana solo para ver lo electoral.<\/p>\n<p>Entre los dirigentes pelede\u00edstas que estuvieron presentes en la actividad figuran Rafael Alburquerque; Radham\u00e9s Jim\u00e9nez, Bautista Rojas G\u00f3mez, Franklin Almeyda, Rub\u00e9n Maldonado, Henry Mer\u00e1n, Lupe Nu\u00f1ez, Rafael N\u00fa\u00f1ez, Domingo Jim\u00e9nez, Manolo Pichardo, Johnny Ventura, Rafael Camilo, Jos\u00e9 Manuel Hern\u00e1ndez Peguero, entre otros.<\/p>\n","protected":false},"excerpt":{"rendered":"<p>Rechaza laborantismo desde la sombra persista en ir contra mayor\u00eda del pueblo Santo Domingo;-\u00a0El presidente del Partido de la Liberaci\u00f3n Dominicana (PLD), Leonel Fern\u00e1ndez, quien encabez\u00f3 este domingo una asamblea convocada por el equipo de direcci\u00f3n estrat\u00e9gica con enlaces, coordinadores, miembros del Comit\u00e9 Central y del Comit\u00e9 Pol\u00edtico, explic\u00f3 que el motivo del encuentro se debe a que hoy 7 de julio, de acuerdo a la Ley de Partidos, inicia la precampa\u00f1a y adem\u00e1s, de que se est\u00e1 en la antesala de un desenlace final \u201cde este gran debate que&hellip;<\/p>\n","protected":false},"author":3,"featured_media":747,"comment_status":"open","ping_status":"open","sticky":false,"template":"","format":"standard","meta":{"rop_custom_images_group":[],"rop_custom_messages_group":[],"rop_publish_now":"initial","rop_publish_now_accounts":[],"rop_publish_now_history":[],"rop_publish_now_status":"pending","footnotes":""},"categories":[24],"tags":[],"class_list":["post-746","post","type-post","status-publish","format-standard","has-post-thumbnail","hentry","category-politica"],"_links":{"self":[{"href":"https:\/\/larepublicanews.com.do\/live\/wp-json\/wp\/v2\/posts\/746","targetHints":{"allow":["GET"]}}],"collection":[{"href":"https:\/\/larepublicanews.com.do\/live\/wp-json\/wp\/v2\/posts"}],"about":[{"href":"https:\/\/larepublicanews.com.do\/live\/wp-json\/wp\/v2\/types\/post"}],"author":[{"embeddable":true,"href":"https:\/\/larepublicanews.com.do\/live\/wp-json\/wp\/v2\/users\/3"}],"replies":[{"embeddable":true,"href":"https:\/\/larepublicanews.com.do\/live\/wp-json\/wp\/v2\/comments?post=746"}],"version-history":[{"count":0,"href":"https:\/\/larepublicanews.com.do\/live\/wp-json\/wp\/v2\/posts\/746\/revisions"}],"wp:featuredmedia":[{"embeddable":true,"href":"https:\/\/larepublicanews.com.do\/live\/wp-json\/wp\/v2\/media\/747"}],"wp:attachment":[{"href":"https:\/\/larepublicanews.com.do\/live\/wp-json\/wp\/v2\/media?parent=746"}],"wp:term":[{"taxonomy":"category","embeddable":true,"href":"https:\/\/larepublicanews.com.do\/live\/wp-json\/wp\/v2\/categories?post=746"},{"taxonomy":"post_tag","embeddable":true,"href":"https:\/\/larepublicanews.com.do\/live\/wp-json\/wp\/v2\/tags?post=746"}],"curies":[{"name":"wp","href":"https:\/\/api.w.org\/{rel}","templated":true}]}}