{"id":738,"date":"2019-06-25T06:07:10","date_gmt":"2019-06-25T06:07:10","guid":{"rendered":"http:\/\/diario24news.com\/hoy\/?p=738"},"modified":"2019-06-25T06:07:10","modified_gmt":"2019-06-25T06:07:10","slug":"rechazo-general-a-agresion-a-diputados-en-el-congreso-nacional","status":"publish","type":"post","link":"https:\/\/larepublicanews.com.do\/live\/rechazo-general-a-agresion-a-diputados-en-el-congreso-nacional\/","title":{"rendered":"Rechazo general a agresi\u00f3n a diputados en el Congreso Nacional"},"content":{"rendered":"<p>Por Ernesto Rodr\u00edguez y Rosmery F\u00e9liz<\/p>\n<p>Santo Domingo.-\u00a0Diversas figuras del \u00e1mbito pol\u00edtico y de la sociedad civil manifestaron este lunes su rechazo por las agresiones que fueron v\u00edctimas los legisladores que se presentaron frente al Congreso Nacional en contra de una posible modificaci\u00f3n a la Constituci\u00f3n para favorecer la reelecci\u00f3n.<\/p>\n<p>Los legisladores y manifestantes fueron agredidos tras el intento de colocar frente al Congreso una carpa para exigir el respeto a la Carta Magna.<\/p>\n<p>A continuaci\u00f3n las declaraciones de diversas personalidades sobre la agresi\u00f3n a los diputados en el Congreso:<\/p>\n<p>Leonel Fern\u00e1ndez:\u00a0Rechazo contundentemente el abuso cometido contra diputados y ciudadanos reprimidos hoy en el Congreso Nacional en un acto inaceptable y violento que cercena la institucionalidad y los principios democr\u00e1ticos de nuestro pa\u00eds. No habr\u00e1 marcha atr\u00e1s en la defensa de la Constituci\u00f3n.<\/p>\n<p>Luis Abinader:\u00a0Condeno en\u00e9rgicamente agresi\u00f3n a diputados y al Congreso. C\u00fapula PLD -ayer unos y hoy otros- no respeta la Constituci\u00f3n ni la Democracia. REITERO, si introducen reelecci\u00f3n, convocar\u00e9 al pueblo dominicano al Congreso y estar\u00e9 en primera fila. NO VOLVER\u00c1N A PISOTEAR LA CONSTITUCI\u00d3N.<\/p>\n<p>Partido Reformista:\u00a0El PRSC condena en\u00e9rgicamente la agresi\u00f3n a varios legisladores por parte de militares frente al Congreso Nacional, al tiempo informamos que nuestra organizaci\u00f3n NO ha autorizado a ning\u00fan miembro a participar en acto alguno, sea cual sea que se pretenda llevar a cabo all\u00ed.<\/p>\n<p>Faride Raful: \u201cEn otras democracias en vez de cercar el Congreso Nacional, protegen a los ciudadanos que tienen el leg\u00edtimo derecho de protestar pac\u00edficamente contra lo que NO est\u00e1n de acuerdo. Pero claro, es un tema de Democracia\u201d.<\/p>\n<p>Omar Fern\u00e1ndez:\u00a0\u201cCuando se cometen atropellos y abusos como los de hoy en nuestro Congreso, muere la democracia\u2026 Lleg\u00f3 el momento del pueblo asumir la defensa de la Constituci\u00f3n que garantiza los derechos fundamentales, como la libre expresi\u00f3n. Estar\u00e9 con mi pueblo defendiendo esta digna causa\u201d.<\/p>\n<p>Franklin Almeyda:\u00a0\u201cSe desat\u00f3 la reprensi\u00f3n, diputados Dr Henry Mer\u00e1n y Marcos Cros heridos y afectados con bombas lacrim\u00f3genas ahora en Congreso\u201d.<\/p>\n<p>Rafael N\u00fa\u00f1ez:\u00a0\u201cA pesar de tener un permiso para una manifestaci\u00f3n pac\u00edfica, el gobierno de Danilo Medina no se conform\u00f3 con militarizar el Congreso Nacional, sino que le entr\u00f3 a bombazos a los diputados porque se oponen a su juego de vulnerar la Constituci\u00f3n\u201d.<\/p>\n<p>Roberto Rosario:\u00a0Parece que \u201cque no tienen los votos, pero tienen las botas\u201d . Estamos en este instante camino al congreso para solidarizarnos y acompa\u00f1ar los j\u00f3venes y los diputados frente al congreso. Todo por la patria .<br \/>\nYvelisse Prats:\u00a0\u00a1Verg\u00fcenza! Una naci\u00f3n que se califica democr\u00e1tica, con Congreso cercado de polic\u00edas, para \u201cprevenir\u201d. \u00bfDictadura?<\/p>\n<p>Fernando Fern\u00e1ndez:\u00a0Ya ven , Danilo Medina acaba de ordenar que una bomba le explote en la cara al Diputado Henry Meran , el mismo que declar\u00f3 en el congreso que no le ten\u00eda miedo. Creen ustedes en casualidades? Se dan cuenta? Qui\u00e9n se juega la vida frente al dictador?<\/p>\n<p>Vinicio Castillo:\u00a0La presencia del tropas militares comandadas por contralmirante Lee Ballester en el congreso reprimiendo legisladores y j\u00f3venes,\u00a0 viol\u00f3 art 252 Constitucion RD . Autoriza uso fuerza militar s\u00f3lo en casos excepcionales. Que No era el caso de esta tarde. Protesta c\u00edvica.<\/p>\n<p>Fuente El Caribe<\/p>\n","protected":false},"excerpt":{"rendered":"<p>Por Ernesto Rodr\u00edguez y Rosmery F\u00e9liz Santo Domingo.-\u00a0Diversas figuras del \u00e1mbito pol\u00edtico y de la sociedad civil manifestaron este lunes su rechazo por las agresiones que fueron v\u00edctimas los legisladores que se presentaron frente al Congreso Nacional en contra de una posible modificaci\u00f3n a la Constituci\u00f3n para favorecer la reelecci\u00f3n. Los legisladores y manifestantes fueron agredidos tras el intento de colocar frente al Congreso una carpa para exigir el respeto a la Carta Magna. A continuaci\u00f3n las declaraciones de diversas personalidades sobre la agresi\u00f3n a los diputados en el Congreso:&hellip;<\/p>\n","protected":false},"author":3,"featured_media":739,"comment_status":"open","ping_status":"open","sticky":false,"template":"","format":"standard","meta":{"rop_custom_images_group":[],"rop_custom_messages_group":[],"rop_publish_now":"initial","rop_publish_now_accounts":[],"rop_publish_now_history":[],"rop_publish_now_status":"pending","footnotes":""},"categories":[23],"tags":[],"class_list":["post-738","post","type-post","status-publish","format-standard","has-post-thumbnail","hentry","category-pais"],"_links":{"self":[{"href":"https:\/\/larepublicanews.com.do\/live\/wp-json\/wp\/v2\/posts\/738","targetHints":{"allow":["GET"]}}],"collection":[{"href":"https:\/\/larepublicanews.com.do\/live\/wp-json\/wp\/v2\/posts"}],"about":[{"href":"https:\/\/larepublicanews.com.do\/live\/wp-json\/wp\/v2\/types\/post"}],"author":[{"embeddable":true,"href":"https:\/\/larepublicanews.com.do\/live\/wp-json\/wp\/v2\/users\/3"}],"replies":[{"embeddable":true,"href":"https:\/\/larepublicanews.com.do\/live\/wp-json\/wp\/v2\/comments?post=738"}],"version-history":[{"count":0,"href":"https:\/\/larepublicanews.com.do\/live\/wp-json\/wp\/v2\/posts\/738\/revisions"}],"wp:featuredmedia":[{"embeddable":true,"href":"https:\/\/larepublicanews.com.do\/live\/wp-json\/wp\/v2\/media\/739"}],"wp:attachment":[{"href":"https:\/\/larepublicanews.com.do\/live\/wp-json\/wp\/v2\/media?parent=738"}],"wp:term":[{"taxonomy":"category","embeddable":true,"href":"https:\/\/larepublicanews.com.do\/live\/wp-json\/wp\/v2\/categories?post=738"},{"taxonomy":"post_tag","embeddable":true,"href":"https:\/\/larepublicanews.com.do\/live\/wp-json\/wp\/v2\/tags?post=738"}],"curies":[{"name":"wp","href":"https:\/\/api.w.org\/{rel}","templated":true}]}}