{"id":723,"date":"2019-06-11T12:39:02","date_gmt":"2019-06-11T12:39:02","guid":{"rendered":"http:\/\/diario24news.com\/hoy\/?p=723"},"modified":"2019-06-11T12:39:02","modified_gmt":"2019-06-11T12:39:02","slug":"video-la-primera-guerra-mundial-en-7-minutos","status":"publish","type":"post","link":"https:\/\/larepublicanews.com.do\/live\/video-la-primera-guerra-mundial-en-7-minutos\/","title":{"rendered":"V\u00cdDEO: La Primera Guerra Mundial en 7 minutos"},"content":{"rendered":"<p>Esta confrontaci\u00f3n b\u00e9lica, anteriormente conocida como la Gran Guerra, tuvo lugar en Europa entre el 28 de julio de 1914 y el 11 de noviembre de 1918.<\/p>\n<p><iframe loading=\"lazy\" title=\"La primera Guerra Mundial en 7 minutos\" width=\"640\" height=\"360\" src=\"https:\/\/www.youtube.com\/embed\/3XtXgH4YSrU?feature=oembed\" frameborder=\"0\" allow=\"accelerometer; autoplay; clipboard-write; encrypted-media; gyroscope; picture-in-picture; web-share\" referrerpolicy=\"strict-origin-when-cross-origin\" allowfullscreen><\/iframe><\/p>\n<p>V\u00eddeo\u00a0producido y publicado por\u00a0Academia Play\u00a0en su canal de YouTube.<\/p>\n<p>\u00a1Comp\u00e1rtelo en tus redes!<\/p>\n","protected":false},"excerpt":{"rendered":"<p>Esta confrontaci\u00f3n b\u00e9lica, anteriormente conocida como la Gran Guerra, tuvo lugar en Europa entre el 28 de julio de 1914 y el 11 de noviembre de 1918. V\u00eddeo\u00a0producido y publicado por\u00a0Academia Play\u00a0en su canal de YouTube. \u00a1Comp\u00e1rtelo en tus redes!<\/p>\n","protected":false},"author":3,"featured_media":728,"comment_status":"open","ping_status":"open","sticky":false,"template":"","format":"standard","meta":{"rop_custom_images_group":[],"rop_custom_messages_group":[],"rop_publish_now":"initial","rop_publish_now_accounts":[],"rop_publish_now_history":[],"rop_publish_now_status":"pending","footnotes":""},"categories":[16,17],"tags":[],"class_list":["post-723","post","type-post","status-publish","format-standard","has-post-thumbnail","hentry","category-historia","category-stories"],"_links":{"self":[{"href":"https:\/\/larepublicanews.com.do\/live\/wp-json\/wp\/v2\/posts\/723","targetHints":{"allow":["GET"]}}],"collection":[{"href":"https:\/\/larepublicanews.com.do\/live\/wp-json\/wp\/v2\/posts"}],"about":[{"href":"https:\/\/larepublicanews.com.do\/live\/wp-json\/wp\/v2\/types\/post"}],"author":[{"embeddable":true,"href":"https:\/\/larepublicanews.com.do\/live\/wp-json\/wp\/v2\/users\/3"}],"replies":[{"embeddable":true,"href":"https:\/\/larepublicanews.com.do\/live\/wp-json\/wp\/v2\/comments?post=723"}],"version-history":[{"count":0,"href":"https:\/\/larepublicanews.com.do\/live\/wp-json\/wp\/v2\/posts\/723\/revisions"}],"wp:featuredmedia":[{"embeddable":true,"href":"https:\/\/larepublicanews.com.do\/live\/wp-json\/wp\/v2\/media\/728"}],"wp:attachment":[{"href":"https:\/\/larepublicanews.com.do\/live\/wp-json\/wp\/v2\/media?parent=723"}],"wp:term":[{"taxonomy":"category","embeddable":true,"href":"https:\/\/larepublicanews.com.do\/live\/wp-json\/wp\/v2\/categories?post=723"},{"taxonomy":"post_tag","embeddable":true,"href":"https:\/\/larepublicanews.com.do\/live\/wp-json\/wp\/v2\/tags?post=723"}],"curies":[{"name":"wp","href":"https:\/\/api.w.org\/{rel}","templated":true}]}}