{"id":712,"date":"2019-06-09T16:30:37","date_gmt":"2019-06-09T16:30:37","guid":{"rendered":"http:\/\/diario24news.com\/hoy\/?p=712"},"modified":"2019-06-09T16:30:37","modified_gmt":"2019-06-09T16:30:37","slug":"ministro-de-energia-y-minas-rechaza-un-tercer-mandato-consecutivo-de-danilo-medina","status":"publish","type":"post","link":"https:\/\/larepublicanews.com.do\/live\/ministro-de-energia-y-minas-rechaza-un-tercer-mandato-consecutivo-de-danilo-medina\/","title":{"rendered":"Ministro de Energ\u00eda y Minas rechaza un tercer mandato consecutivo de Danilo Medina"},"content":{"rendered":"<p>\u201cDos per\u00edodos y basta\u201d, dijo Tony Isa Conde en una carta que ha enviado a Diario Libre<\/p>\n<p>El ministro de Energ\u00eda y Minas, Tony Isa Conde, rechaz\u00f3 este domingo que se busque una modificaci\u00f3n a la Constituci\u00f3n que permita la repostulaci\u00f3n para un tercer mandato consecutivo del presidente Danilo Medina declarando: \u201cSoy de los que creen en el sistema americano de dos per\u00edodos y basta\u201d.<\/p>\n<p>En un comunicado que llega a los medios a partir de su correo personal, el funcionario identificado con las causas de la sociedad civil hace un razonamiento \u201csobre el da\u00f1o que hace a la democracia, la institucionalidad y y el da\u00f1o sobre todo a las grandes conquistas que hemos obtenido en estos a\u00f1os del gobierno del presidente Danilo Medina\u201d.<\/p>\n<p>A\u00f1ade que esos logros \u201chay que preservarlo. Pero, para preservarlo, necesitamos de instituciones fuertes, de planes y proyectos que se ejecuten independientemente de qui\u00e9n tenga el poder en un momento dado\u201d.<br \/>\nA continuaci\u00f3n el comunicado \u00edntegro:<br \/>\nHe expresado p\u00fablicamente mi preocupaci\u00f3n por la situaci\u00f3n pol\u00edtica que vive el pa\u00eds. Lo que ocurre le est\u00e1 haciendo da\u00f1o a la democracia, la institucionalidad, y da\u00f1o sobre todo a las grandes conquistas que hemos obtenido en estos a\u00f1os del gobierno del presidente Danilo Medina. Y eso hay que preservarlo. Pero, para preservarlo, necesitamos de instituciones fuertes, de planes y proyectos que se ejecuten independientemente de qui\u00e9n tenga el poder en un momento dado.<\/p>\n<p>El clientelismo se ha convertido en una traba que impide que el pa\u00eds avance, que atenta a la larga contra estos logros y eso debemos combatirlo. Los efectos del clientelismo se ven d\u00eda a d\u00eda en la situaci\u00f3n que estamos viviendo, que a\u00fan no ha llegado a una crisis pol\u00edtica, pero genera la percepci\u00f3n de que estamos en ese camino y eso le hace da\u00f1o a la inversi\u00f3n.<\/p>\n<p>En fin, eso le hace da\u00f1o al pa\u00eds en general, al pa\u00eds sin colores, al que no es rojo, no es blanco, no es morado. Yo no soy imparcial y he dicho que estoy dispuesto a apoyar a quien tenga el coraje de enfrentar esta situaci\u00f3n dentro del PLD, con ideas, proyectos, sin diatriba.<\/p>\n<p>Apoyar\u00e9 a quien tenga una visi\u00f3n clara de hacia donde debe ir el pa\u00eds y, sobre todo, quien posea el valor de echar el pleito para combatir a todos aquellos \u201cdioses\u201d que tienen frenadas las posibilidades de que ese partido se renueve y se fortalezca, cumpliendo con el cometido que asumi\u00f3 desde su fundaci\u00f3n.<\/p>\n<p>Eso no implica que me vaya a prestar a alimentar el morbo y el sensacionalismo que est\u00e1 generando el tema de la reelecci\u00f3n. No voy a caer en eso. Mi posici\u00f3n sobre ese tema ha sido definida desde hace muchos a\u00f1os, de manera escrita y verbal. Soy de los que creen en el sistema americano de dos per\u00edodos y basta.<\/p>\n<p>Ambicionaba y cre\u00eda que en esta ocasi\u00f3n \u00edbamos a tener un relevo pol\u00edtico. Quiz\u00e1 es tarde, pero hay batallas que se deben dar aunque se pierdan. Y creo que lo justo es seguir adelante renovando, innovando para que este pa\u00eds avance y darle un golpe mortal al clientelismo y al rentismo pol\u00edtico que nos tiene prisioneros.<\/p>\n","protected":false},"excerpt":{"rendered":"<p>\u201cDos per\u00edodos y basta\u201d, dijo Tony Isa Conde en una carta que ha enviado a Diario Libre El ministro de Energ\u00eda y Minas, Tony Isa Conde, rechaz\u00f3 este domingo que se busque una modificaci\u00f3n a la Constituci\u00f3n que permita la repostulaci\u00f3n para un tercer mandato consecutivo del presidente Danilo Medina declarando: \u201cSoy de los que creen en el sistema americano de dos per\u00edodos y basta\u201d. En un comunicado que llega a los medios a partir de su correo personal, el funcionario identificado con las causas de la sociedad civil hace&hellip;<\/p>\n","protected":false},"author":3,"featured_media":713,"comment_status":"open","ping_status":"open","sticky":false,"template":"","format":"standard","meta":{"rop_custom_images_group":[],"rop_custom_messages_group":[],"rop_publish_now":"initial","rop_publish_now_accounts":[],"rop_publish_now_history":[],"rop_publish_now_status":"pending","footnotes":""},"categories":[2],"tags":[],"class_list":["post-712","post","type-post","status-publish","format-standard","has-post-thumbnail","hentry","category-actualidad"],"_links":{"self":[{"href":"https:\/\/larepublicanews.com.do\/live\/wp-json\/wp\/v2\/posts\/712","targetHints":{"allow":["GET"]}}],"collection":[{"href":"https:\/\/larepublicanews.com.do\/live\/wp-json\/wp\/v2\/posts"}],"about":[{"href":"https:\/\/larepublicanews.com.do\/live\/wp-json\/wp\/v2\/types\/post"}],"author":[{"embeddable":true,"href":"https:\/\/larepublicanews.com.do\/live\/wp-json\/wp\/v2\/users\/3"}],"replies":[{"embeddable":true,"href":"https:\/\/larepublicanews.com.do\/live\/wp-json\/wp\/v2\/comments?post=712"}],"version-history":[{"count":0,"href":"https:\/\/larepublicanews.com.do\/live\/wp-json\/wp\/v2\/posts\/712\/revisions"}],"wp:featuredmedia":[{"embeddable":true,"href":"https:\/\/larepublicanews.com.do\/live\/wp-json\/wp\/v2\/media\/713"}],"wp:attachment":[{"href":"https:\/\/larepublicanews.com.do\/live\/wp-json\/wp\/v2\/media?parent=712"}],"wp:term":[{"taxonomy":"category","embeddable":true,"href":"https:\/\/larepublicanews.com.do\/live\/wp-json\/wp\/v2\/categories?post=712"},{"taxonomy":"post_tag","embeddable":true,"href":"https:\/\/larepublicanews.com.do\/live\/wp-json\/wp\/v2\/tags?post=712"}],"curies":[{"name":"wp","href":"https:\/\/api.w.org\/{rel}","templated":true}]}}