{"id":639,"date":"2019-04-19T22:46:22","date_gmt":"2019-04-19T22:46:22","guid":{"rendered":"http:\/\/diario24news.com\/hoy\/?p=639"},"modified":"2019-04-19T22:46:22","modified_gmt":"2019-04-19T22:46:22","slug":"639-2","status":"publish","type":"post","link":"https:\/\/larepublicanews.com.do\/live\/639-2\/","title":{"rendered":"Iglesia fustiga a quienes pretenden perpetuarse en sus cargos sin importarles pisotear la Constituci\u00f3n"},"content":{"rendered":"<p>Adriana Peguero<br \/>\nSanto Domingo<br \/>\nEl reverendo Jos\u00e9 Alberto Vargas lanz\u00f3 fuertes cr\u00edticas a aquellos que haciendo uso del principio \u201cel fin justifica los medios\u201d, pretenden perpetuarse en sus cargos sin importar que para lograrlo haya que pisotear una vez m\u00e1s la Carta Magna.<\/p>\n<p>Las palabras del sacerdote se producen en momentos en que funcionarios cercanos al presidente Danilo Medina promueven una nueva modificaci\u00f3n a la Constituci\u00f3n de la Rep\u00fablica para que este se pueda presentar a las elecciones de 2020.<!--more--><\/p>\n<p>Danilo Medina propicio una reforma de la Constituci\u00f3n en 2015 para poder presentarse a la repostulaci\u00f3n en el cargo en los comicios de 2016<\/p>\n<p>El reverendo Vargas habl\u00f3 sobre el tema Serm\u00f3n de las Siete Palabras con la expresi\u00f3n de Jes\u00fas que dice: \u201cPadre, perd\u00f3nalos, porque no saben lo que hacen\u201d.<\/p>\n<p>Pidi\u00f3 perd\u00f3n para aquellos que ponen sus intereses personales, de su grupo o partidos por encima del proyecto de naci\u00f3n, olvidando que por encima de la Patria solamente est\u00e1 Dios, Patria y Libertad.<\/p>\n<p>Otras cr\u00edticas<\/p>\n<p>De la misma forma critic\u00f3 a los que da\u00f1an la ecolog\u00eda, \u201cal parecer ignorando que Dios perdona siempre, los hombres a veces y la naturaleza, nunca\u201d.<\/p>\n<p>Jos\u00e9 Alberto Vargas tambi\u00e9n llam\u00f3 la atenci\u00f3n de los padres que han delegado la responsabilidad de la educaci\u00f3n de sus hijos a la escuela, a los medios de comunicaci\u00f3n y a cualquier instituci\u00f3n.<\/p>\n<p>\u201cEste Viernes Santo, clama a Jes\u00fas, por nosotros, con los ojos al cielo: Padre perd\u00f3nalos, por las veces que no hemos sido la voz de los sin voz y que hemos preferido transitar por el camino f\u00e1cil de guardar el silencio, que hemos faltado a nuestra misi\u00f3n de anunciar la presencia de Dios y denunciar las situaciones de pecado\u201d dijo.<\/p>\n<p>Fuente Listin Diario<\/p>\n","protected":false},"excerpt":{"rendered":"<p>Adriana Peguero Santo Domingo El reverendo Jos\u00e9 Alberto Vargas lanz\u00f3 fuertes cr\u00edticas a aquellos que haciendo uso del principio \u201cel fin justifica los medios\u201d, pretenden perpetuarse en sus cargos sin importar que para lograrlo haya que pisotear una vez m\u00e1s la Carta Magna. Las palabras del sacerdote se producen en momentos en que funcionarios cercanos al presidente Danilo Medina promueven una nueva modificaci\u00f3n a la Constituci\u00f3n de la Rep\u00fablica para que este se pueda presentar a las elecciones de 2020.<\/p>\n","protected":false},"author":3,"featured_media":640,"comment_status":"open","ping_status":"open","sticky":false,"template":"","format":"standard","meta":{"rop_custom_images_group":[],"rop_custom_messages_group":[],"rop_publish_now":"initial","rop_publish_now_accounts":[],"rop_publish_now_history":[],"rop_publish_now_status":"pending","footnotes":""},"categories":[2],"tags":[],"class_list":["post-639","post","type-post","status-publish","format-standard","has-post-thumbnail","hentry","category-actualidad"],"_links":{"self":[{"href":"https:\/\/larepublicanews.com.do\/live\/wp-json\/wp\/v2\/posts\/639","targetHints":{"allow":["GET"]}}],"collection":[{"href":"https:\/\/larepublicanews.com.do\/live\/wp-json\/wp\/v2\/posts"}],"about":[{"href":"https:\/\/larepublicanews.com.do\/live\/wp-json\/wp\/v2\/types\/post"}],"author":[{"embeddable":true,"href":"https:\/\/larepublicanews.com.do\/live\/wp-json\/wp\/v2\/users\/3"}],"replies":[{"embeddable":true,"href":"https:\/\/larepublicanews.com.do\/live\/wp-json\/wp\/v2\/comments?post=639"}],"version-history":[{"count":0,"href":"https:\/\/larepublicanews.com.do\/live\/wp-json\/wp\/v2\/posts\/639\/revisions"}],"wp:featuredmedia":[{"embeddable":true,"href":"https:\/\/larepublicanews.com.do\/live\/wp-json\/wp\/v2\/media\/640"}],"wp:attachment":[{"href":"https:\/\/larepublicanews.com.do\/live\/wp-json\/wp\/v2\/media?parent=639"}],"wp:term":[{"taxonomy":"category","embeddable":true,"href":"https:\/\/larepublicanews.com.do\/live\/wp-json\/wp\/v2\/categories?post=639"},{"taxonomy":"post_tag","embeddable":true,"href":"https:\/\/larepublicanews.com.do\/live\/wp-json\/wp\/v2\/tags?post=639"}],"curies":[{"name":"wp","href":"https:\/\/api.w.org\/{rel}","templated":true}]}}