{"id":628,"date":"2019-04-14T22:06:38","date_gmt":"2019-04-14T22:06:38","guid":{"rendered":"http:\/\/diario24news.com\/hoy\/?p=628"},"modified":"2019-04-14T22:06:38","modified_gmt":"2019-04-14T22:06:38","slug":"leonel-fernandez-dice-no-hay-marcha-atras-en-lucha-por-defensa-de-la-constitucion","status":"publish","type":"post","link":"https:\/\/larepublicanews.com.do\/live\/leonel-fernandez-dice-no-hay-marcha-atras-en-lucha-por-defensa-de-la-constitucion\/","title":{"rendered":"Leonel Fern\u00e1ndez dice no hay marcha atr\u00e1s en lucha por defensa de la Constituci\u00f3n"},"content":{"rendered":"<p>Leonel Fern\u00e1ndez, precandidato\u00a0 presidencial por el \u00a0Partido de la Liberaci\u00f3n (PLD), dijo este s\u00e1bado\u00a0aqu\u00ed que en la lucha por la defensa de la Constituci\u00f3n no hay marcha atr\u00e1s y que est\u00e1 preparado para presentar dos millones de firmas el pr\u00f3ximo d\u00eda 5 de mayo en\u00a0 el Estadio\u00a0 F\u00e9lix S\u00e1nchez de esta capital.<\/p>\n<p>Adem\u00e1s, asegur\u00f3 que en un pr\u00f3ximo gobierno colocar\u00e1 a Boca Chica en una referencia obligada universalmente.<\/p>\n<p>\u201cBoca Chica a pesar de los esfuerzo que se hizo en los gobiernos nuestro luce rezagada frente al desarrollo tur\u00edstico nacional por lo que me comprometo a relanzarla para que se convierta en uno de los principales polos tur\u00edstico del pa\u00eds\u201d, prometi\u00f3 Fern\u00e1ndez.<\/p>\n<p>Leonel Fern\u00e1ndez fue recibido por el Movimiento Arco\u00edris Nueva Imagen y Fundaci\u00f3n Manig, quienes les manifestaron su apoyo.<\/p>\n<p>&nbsp;<\/p>\n<p><strong>Fuente: El Caribe<\/strong><\/p>\n","protected":false},"excerpt":{"rendered":"<p>Leonel Fern\u00e1ndez, precandidato\u00a0 presidencial por el \u00a0Partido de la Liberaci\u00f3n (PLD), dijo este s\u00e1bado\u00a0aqu\u00ed que en la lucha por la defensa de la Constituci\u00f3n no hay marcha atr\u00e1s y que est\u00e1 preparado para presentar dos millones de firmas el pr\u00f3ximo d\u00eda 5 de mayo en\u00a0 el Estadio\u00a0 F\u00e9lix S\u00e1nchez de esta capital. Adem\u00e1s, asegur\u00f3 que en un pr\u00f3ximo gobierno colocar\u00e1 a Boca Chica en una referencia obligada universalmente. \u201cBoca Chica a pesar de los esfuerzo que se hizo en los gobiernos nuestro luce rezagada frente al desarrollo tur\u00edstico nacional por&hellip;<\/p>\n","protected":false},"author":3,"featured_media":631,"comment_status":"open","ping_status":"open","sticky":false,"template":"","format":"standard","meta":{"rop_custom_images_group":[],"rop_custom_messages_group":[],"rop_publish_now":"initial","rop_publish_now_accounts":[],"rop_publish_now_history":[],"rop_publish_now_status":"pending","footnotes":""},"categories":[2,24],"tags":[],"class_list":["post-628","post","type-post","status-publish","format-standard","has-post-thumbnail","hentry","category-actualidad","category-politica"],"_links":{"self":[{"href":"https:\/\/larepublicanews.com.do\/live\/wp-json\/wp\/v2\/posts\/628","targetHints":{"allow":["GET"]}}],"collection":[{"href":"https:\/\/larepublicanews.com.do\/live\/wp-json\/wp\/v2\/posts"}],"about":[{"href":"https:\/\/larepublicanews.com.do\/live\/wp-json\/wp\/v2\/types\/post"}],"author":[{"embeddable":true,"href":"https:\/\/larepublicanews.com.do\/live\/wp-json\/wp\/v2\/users\/3"}],"replies":[{"embeddable":true,"href":"https:\/\/larepublicanews.com.do\/live\/wp-json\/wp\/v2\/comments?post=628"}],"version-history":[{"count":0,"href":"https:\/\/larepublicanews.com.do\/live\/wp-json\/wp\/v2\/posts\/628\/revisions"}],"wp:featuredmedia":[{"embeddable":true,"href":"https:\/\/larepublicanews.com.do\/live\/wp-json\/wp\/v2\/media\/631"}],"wp:attachment":[{"href":"https:\/\/larepublicanews.com.do\/live\/wp-json\/wp\/v2\/media?parent=628"}],"wp:term":[{"taxonomy":"category","embeddable":true,"href":"https:\/\/larepublicanews.com.do\/live\/wp-json\/wp\/v2\/categories?post=628"},{"taxonomy":"post_tag","embeddable":true,"href":"https:\/\/larepublicanews.com.do\/live\/wp-json\/wp\/v2\/tags?post=628"}],"curies":[{"name":"wp","href":"https:\/\/api.w.org\/{rel}","templated":true}]}}