{"id":625,"date":"2019-04-13T21:02:57","date_gmt":"2019-04-13T21:02:57","guid":{"rendered":"http:\/\/diario24news.com\/hoy\/?p=625"},"modified":"2019-04-13T21:02:57","modified_gmt":"2019-04-13T21:02:57","slug":"abinader-y-antun-batlle-rechazan-ataque-al-tse","status":"publish","type":"post","link":"https:\/\/larepublicanews.com.do\/live\/abinader-y-antun-batlle-rechazan-ataque-al-tse\/","title":{"rendered":"Abinader y Ant\u00fan Batlle rechazan ataque al TSE"},"content":{"rendered":"<p>El precandidato presidencial del Partido Revolucionario Moderno (PRM), Luis Abinader y el presidente el Partido Reformista Social Cristiano (PRSC), Federico Ant\u00fan Batlle (Quique), condenaron ayer las presiones hechas a los jueces del Tribunal Superior Electoral (TSE).<\/p>\n<p>Abinader advirti\u00f3 que est\u00e1 dispuesto a defender la democracia en los tribunales, en las calles o donde lo requieran las circunstancias.<\/p>\n<p>Mientras que Ant\u00fan Batlle sostuvo que las presiones de sectores del Partido de la Liberaci\u00f3n Dominicana (PLD) constituyen\u00a0 actuaciones absolutamente inaceptables, porque atentan contra la democracia y la estabilidad del pueblo dominicano.<\/p>\n<p>El presidente del Senado, Reinaldo Pared P\u00e9rez, pidi\u00f3 a la C\u00e1mara de Diputados investigar la actuaci\u00f3n del TSE ante el fallo que anula convenci\u00f3n del Partido Revolucionado Dominicano (PRD).<\/p>\n<p>El pasado 8 de abril, el TSE anul\u00f3, por considerarla ilegal, la XXXIV Convenci\u00f3n Nacional Extraordinaria del Partido Revolucionario Dominicano, en la que se aprob\u00f3 la reforma estatutaria y la ratificaci\u00f3n de sus autoridades. El tribunal argument\u00f3 que fue ilegal la asamblea donde fue escogido Miguel Vargas como presidente, debido a que no contaba con el qu\u00f3rum suficiente.<\/p>\n<p><strong>\u00a0Preocupaci\u00f3n<\/strong><br \/>\n\u201cExpresamos al pa\u00eds a trav\u00e9s de la prensa nacional nuestra preocupaci\u00f3n porque se le est\u00e1n haciendo presiones al Tribunal Superior Electoral, y al parecer se le quiere hacer igual a la Junta Central Electoral, lo que constituir\u00eda un grave atentado a la democracia\u201d, dijo Abinader al improvisar una rueda de prensa en el sector de La Ci\u00e9naga.<\/p>\n<p>Adem\u00e1s, Abinader dijo que no aceptar\u00e1 que se le haga al TSE las presiones que se le hicieron al anterior, al que se le enviaban enlatadas ya las sentencias que deb\u00edan emitir.<\/p>\n<p>Explic\u00f3 que las imposiciones de la c\u00fapula del PLD a los nuevos organismos electorales recientemente electos implicar\u00eda un grave retroceso de la democracia al que debe oponerse toda la sociedad, como lo ha hecho el liderazgo y la dirigencia del PRM.<\/p>\n<p>En tanto que Ant\u00fan Batlle manifest\u00f3 que estas personas que presionan al TSE por la sentencia que emitieron recientemente, \u201cact\u00faan de manera descarada\u201d.<\/p>\n<p>El l\u00edder reformista record\u00f3 que el PRSC fue v\u00edctima de ese esquema de presi\u00f3n cuando un grupo de allegados al Gobierno, quiso anular la Asamblea Nacional Extraordinaria que eligi\u00f3 a las autoridades del partido.<\/p>\n<p><strong>Recurso\u00a0<\/strong><br \/>\nEl TSE hab\u00eda anulado la asamblea de delegados al acoger un recurso que sometieron Guido G\u00f3mez Mazara y otros dirigentes contra la decisi\u00f3n de extender el mandato de las actuales autoridades.<\/p>\n<p><strong>Fallo<\/strong><br \/>\nEl Tribunal Constitucional anul\u00f3 el fallo del TSE que dej\u00f3 sin efecto la convenci\u00f3n de delegados que extendi\u00f3 hasta el 2021, la presidencia de Miguel Vargas Maldonado en el Partido Revolucionario Dominicano (PRD).<\/p>\n<p><strong>Fuente: Listin Diario<\/strong><\/p>\n","protected":false},"excerpt":{"rendered":"<p>El precandidato presidencial del Partido Revolucionario Moderno (PRM), Luis Abinader y el presidente el Partido Reformista Social Cristiano (PRSC), Federico Ant\u00fan Batlle (Quique), condenaron ayer las presiones hechas a los jueces del Tribunal Superior Electoral (TSE). Abinader advirti\u00f3 que est\u00e1 dispuesto a defender la democracia en los tribunales, en las calles o donde lo requieran las circunstancias. Mientras que Ant\u00fan Batlle sostuvo que las presiones de sectores del Partido de la Liberaci\u00f3n Dominicana (PLD) constituyen\u00a0 actuaciones absolutamente inaceptables, porque atentan contra la democracia y la estabilidad del pueblo dominicano. El&hellip;<\/p>\n","protected":false},"author":3,"featured_media":626,"comment_status":"open","ping_status":"open","sticky":false,"template":"","format":"standard","meta":{"rop_custom_images_group":[],"rop_custom_messages_group":[],"rop_publish_now":"initial","rop_publish_now_accounts":[],"rop_publish_now_history":[],"rop_publish_now_status":"pending","footnotes":""},"categories":[2,17,24],"tags":[],"class_list":["post-625","post","type-post","status-publish","format-standard","has-post-thumbnail","hentry","category-actualidad","category-stories","category-politica"],"_links":{"self":[{"href":"https:\/\/larepublicanews.com.do\/live\/wp-json\/wp\/v2\/posts\/625","targetHints":{"allow":["GET"]}}],"collection":[{"href":"https:\/\/larepublicanews.com.do\/live\/wp-json\/wp\/v2\/posts"}],"about":[{"href":"https:\/\/larepublicanews.com.do\/live\/wp-json\/wp\/v2\/types\/post"}],"author":[{"embeddable":true,"href":"https:\/\/larepublicanews.com.do\/live\/wp-json\/wp\/v2\/users\/3"}],"replies":[{"embeddable":true,"href":"https:\/\/larepublicanews.com.do\/live\/wp-json\/wp\/v2\/comments?post=625"}],"version-history":[{"count":0,"href":"https:\/\/larepublicanews.com.do\/live\/wp-json\/wp\/v2\/posts\/625\/revisions"}],"wp:featuredmedia":[{"embeddable":true,"href":"https:\/\/larepublicanews.com.do\/live\/wp-json\/wp\/v2\/media\/626"}],"wp:attachment":[{"href":"https:\/\/larepublicanews.com.do\/live\/wp-json\/wp\/v2\/media?parent=625"}],"wp:term":[{"taxonomy":"category","embeddable":true,"href":"https:\/\/larepublicanews.com.do\/live\/wp-json\/wp\/v2\/categories?post=625"},{"taxonomy":"post_tag","embeddable":true,"href":"https:\/\/larepublicanews.com.do\/live\/wp-json\/wp\/v2\/tags?post=625"}],"curies":[{"name":"wp","href":"https:\/\/api.w.org\/{rel}","templated":true}]}}