{"id":616,"date":"2019-04-13T20:32:29","date_gmt":"2019-04-13T20:32:29","guid":{"rendered":"http:\/\/diario24news.com\/hoy\/?p=616"},"modified":"2019-04-13T20:32:29","modified_gmt":"2019-04-13T20:32:29","slug":"intec-gradua-598-nuevos-profesionales","status":"publish","type":"post","link":"https:\/\/larepublicanews.com.do\/live\/intec-gradua-598-nuevos-profesionales\/","title":{"rendered":"Intec grad\u00faa 598 nuevos profesionales"},"content":{"rendered":"<p>En un ambiente distendido y plagado de felicidad entre los graduandos y sus familiares, el Instituto Tecnol\u00f3gico de Santo Domingo (Intec) celebr\u00f3 su 58 ceremonia de graduaci\u00f3n.<\/p>\n<p>La instituci\u00f3n educativa entreg\u00f3 a la sociedad 598 futuros profesionales, entre las diferentes carreras que ofrecen, siendo las ingenier\u00edas mayor\u00eda dentro de los graduandos.<\/p>\n<p>El rector de Intec, Rolando Guzm\u00e1n, felicit\u00f3 a los graduando expresando que \u201ccompartimos con nuestros futuros egresados los sentimientos de orgullo por el esfuerzo realizado, de felicidad por la meta alcanzada y de excitaci\u00f3n por las posibilidades que se abren a partir del camino\u201d.<\/p>\n<p>La ceremonia de graduaci\u00f3n se celebr\u00f3 la ma\u00f1ana de este s\u00e1bado en la terminal de Sansouc\u00ed, ubicada en la avenida Espa\u00f1a, Santo Domingo Este.<\/p>\n<p>&nbsp;<\/p>\n<p><strong>Fuente: Listin Diario<\/strong><\/p>\n","protected":false},"excerpt":{"rendered":"<p>En un ambiente distendido y plagado de felicidad entre los graduandos y sus familiares, el Instituto Tecnol\u00f3gico de Santo Domingo (Intec) celebr\u00f3 su 58 ceremonia de graduaci\u00f3n. La instituci\u00f3n educativa entreg\u00f3 a la sociedad 598 futuros profesionales, entre las diferentes carreras que ofrecen, siendo las ingenier\u00edas mayor\u00eda dentro de los graduandos. El rector de Intec, Rolando Guzm\u00e1n, felicit\u00f3 a los graduando expresando que \u201ccompartimos con nuestros futuros egresados los sentimientos de orgullo por el esfuerzo realizado, de felicidad por la meta alcanzada y de excitaci\u00f3n por las posibilidades que se&hellip;<\/p>\n","protected":false},"author":3,"featured_media":617,"comment_status":"open","ping_status":"open","sticky":false,"template":"","format":"standard","meta":{"rop_custom_images_group":[],"rop_custom_messages_group":[],"rop_publish_now":"initial","rop_publish_now_accounts":[],"rop_publish_now_history":[],"rop_publish_now_status":"pending","footnotes":""},"categories":[2,29],"tags":[],"class_list":["post-616","post","type-post","status-publish","format-standard","has-post-thumbnail","hentry","category-actualidad","category-sociedad"],"_links":{"self":[{"href":"https:\/\/larepublicanews.com.do\/live\/wp-json\/wp\/v2\/posts\/616","targetHints":{"allow":["GET"]}}],"collection":[{"href":"https:\/\/larepublicanews.com.do\/live\/wp-json\/wp\/v2\/posts"}],"about":[{"href":"https:\/\/larepublicanews.com.do\/live\/wp-json\/wp\/v2\/types\/post"}],"author":[{"embeddable":true,"href":"https:\/\/larepublicanews.com.do\/live\/wp-json\/wp\/v2\/users\/3"}],"replies":[{"embeddable":true,"href":"https:\/\/larepublicanews.com.do\/live\/wp-json\/wp\/v2\/comments?post=616"}],"version-history":[{"count":0,"href":"https:\/\/larepublicanews.com.do\/live\/wp-json\/wp\/v2\/posts\/616\/revisions"}],"wp:featuredmedia":[{"embeddable":true,"href":"https:\/\/larepublicanews.com.do\/live\/wp-json\/wp\/v2\/media\/617"}],"wp:attachment":[{"href":"https:\/\/larepublicanews.com.do\/live\/wp-json\/wp\/v2\/media?parent=616"}],"wp:term":[{"taxonomy":"category","embeddable":true,"href":"https:\/\/larepublicanews.com.do\/live\/wp-json\/wp\/v2\/categories?post=616"},{"taxonomy":"post_tag","embeddable":true,"href":"https:\/\/larepublicanews.com.do\/live\/wp-json\/wp\/v2\/tags?post=616"}],"curies":[{"name":"wp","href":"https:\/\/api.w.org\/{rel}","templated":true}]}}