{"id":608,"date":"2019-04-10T22:38:15","date_gmt":"2019-04-10T22:38:15","guid":{"rendered":"http:\/\/diario24news.com\/hoy\/?p=608"},"modified":"2019-04-10T22:38:15","modified_gmt":"2019-04-10T22:38:15","slug":"ahora-todos-quieren-ser-heroes-dice-kanqui-al-llegar-al-tribunal-donde-el-mp-pide-18-meses-de-prision","status":"publish","type":"post","link":"https:\/\/larepublicanews.com.do\/live\/ahora-todos-quieren-ser-heroes-dice-kanqui-al-llegar-al-tribunal-donde-el-mp-pide-18-meses-de-prision\/","title":{"rendered":"\u201cAhora todos quieren ser h\u00e9roes\u201d, dice Kanqui al llegar al tribunal donde el MP pide 18 meses de prisi\u00f3n"},"content":{"rendered":"<p>\u201cAhora todo el mundo quiere ser h\u00e9roe\u201d dijo Kelvin N\u00fa\u00f1ez, el payaso Kanqui en la sala de audiencias del Cuarto Juzgado de la Instrucci\u00f3n de Santiago, donde le conocer\u00e1n medida de coerci\u00f3n, tras la denuncia de abuso sexual contra menores de edad que pesa en su contra.<\/p>\n<p>Kanqui\u00a0 fue abordado por los periodistas y ante la pregunta de lo que dijo su exproductora sobre el caso, expres\u00f3 que \u201cahora todo el mundo quiere ser h\u00e9roe\u201d. Tambi\u00e9n repet\u00eda una y otra vez que no pasa nada, cuando los comunicadores segu\u00edan pregunt\u00e1ndole sobre la acusaci\u00f3n y el trato que le han dado durante su arresto \u201cNo pasa nada, no pasa nada\u201d.<\/p>\n<p>La comunicadora \u00a0Martha Rodr\u00edguez, exproductora de Kanquiman\u00eda dijo que los ni\u00f1os no mienten.<\/p>\n<p>En el palacio de Justicia donde la fiscal\u00eda someti\u00f3 la solicitud de medida de coerci\u00f3n consistente en 18 meses de prisi\u00f3n,\u00a0 Kanqui ha recibido la solidaridad de algunos de sus familiares, mientras que los querellantes no estaban presentes cuando el secretario del tribunal sali\u00f3 de la sala de audiencia para pedir que pasaran.<\/p>\n<p><strong>Fuente: Listin Diario<\/strong><\/p>\n","protected":false},"excerpt":{"rendered":"<p>\u201cAhora todo el mundo quiere ser h\u00e9roe\u201d dijo Kelvin N\u00fa\u00f1ez, el payaso Kanqui en la sala de audiencias del Cuarto Juzgado de la Instrucci\u00f3n de Santiago, donde le conocer\u00e1n medida de coerci\u00f3n, tras la denuncia de abuso sexual contra menores de edad que pesa en su contra. Kanqui\u00a0 fue abordado por los periodistas y ante la pregunta de lo que dijo su exproductora sobre el caso, expres\u00f3 que \u201cahora todo el mundo quiere ser h\u00e9roe\u201d. Tambi\u00e9n repet\u00eda una y otra vez que no pasa nada, cuando los comunicadores segu\u00edan pregunt\u00e1ndole&hellip;<\/p>\n","protected":false},"author":3,"featured_media":609,"comment_status":"open","ping_status":"open","sticky":false,"template":"","format":"standard","meta":{"rop_custom_images_group":[],"rop_custom_messages_group":[],"rop_publish_now":"initial","rop_publish_now_accounts":[],"rop_publish_now_history":[],"rop_publish_now_status":"pending","footnotes":""},"categories":[2],"tags":[],"class_list":["post-608","post","type-post","status-publish","format-standard","has-post-thumbnail","hentry","category-actualidad"],"_links":{"self":[{"href":"https:\/\/larepublicanews.com.do\/live\/wp-json\/wp\/v2\/posts\/608","targetHints":{"allow":["GET"]}}],"collection":[{"href":"https:\/\/larepublicanews.com.do\/live\/wp-json\/wp\/v2\/posts"}],"about":[{"href":"https:\/\/larepublicanews.com.do\/live\/wp-json\/wp\/v2\/types\/post"}],"author":[{"embeddable":true,"href":"https:\/\/larepublicanews.com.do\/live\/wp-json\/wp\/v2\/users\/3"}],"replies":[{"embeddable":true,"href":"https:\/\/larepublicanews.com.do\/live\/wp-json\/wp\/v2\/comments?post=608"}],"version-history":[{"count":0,"href":"https:\/\/larepublicanews.com.do\/live\/wp-json\/wp\/v2\/posts\/608\/revisions"}],"wp:featuredmedia":[{"embeddable":true,"href":"https:\/\/larepublicanews.com.do\/live\/wp-json\/wp\/v2\/media\/609"}],"wp:attachment":[{"href":"https:\/\/larepublicanews.com.do\/live\/wp-json\/wp\/v2\/media?parent=608"}],"wp:term":[{"taxonomy":"category","embeddable":true,"href":"https:\/\/larepublicanews.com.do\/live\/wp-json\/wp\/v2\/categories?post=608"},{"taxonomy":"post_tag","embeddable":true,"href":"https:\/\/larepublicanews.com.do\/live\/wp-json\/wp\/v2\/tags?post=608"}],"curies":[{"name":"wp","href":"https:\/\/api.w.org\/{rel}","templated":true}]}}