{"id":605,"date":"2019-04-10T22:31:16","date_gmt":"2019-04-10T22:31:16","guid":{"rendered":"http:\/\/diario24news.com\/hoy\/?p=605"},"modified":"2019-04-10T22:31:16","modified_gmt":"2019-04-10T22:31:16","slug":"la-vice-es-el-cargo-mas-alto-logrado-por-mujeres-en-el-pais","status":"publish","type":"post","link":"https:\/\/larepublicanews.com.do\/live\/la-vice-es-el-cargo-mas-alto-logrado-por-mujeres-en-el-pais\/","title":{"rendered":"La Vice es el cargo m\u00e1s alto logrado por mujeres en el pa\u00eds"},"content":{"rendered":"<p>La Vicepresidencia es la posici\u00f3n electiva m\u00e1s alta que han ocupado las mujeres en la Rep\u00fablica Dominicana, pero cuya candidatura no se decide en votaciones internas de los partidos, sino por decisi\u00f3n del candidato a la Presidencia.<\/p>\n<p>Y como se trata de un mismo nivel de elecci\u00f3n, que es indivisible, los ciudadanos no tienen la opci\u00f3n de votar directamente por la candidatura a la vicepresidencia,\u00a0 sino m\u00e1s bien, por una f\u00f3rmula de un partido que la encabeza el candidato a la Presidencia, por lo cual no es posible determinar con exactitud qu\u00e9 cantidad de votos aportan que permita establecer su valor en un proceso electoral.<\/p>\n<p>O sea, que aunque les\u00a0 reconoce m\u00e9ritos al\u00a0 tomarlas en cuenta para ese tipo de\u00a0 candidaturas,\u00a0 no han pasado de ser las compa\u00f1eras de boleta de aspirantes a la Presidencia de la Rep\u00fablica, que son las que las escogen en las campa\u00f1as, y les asignan funciones, cuando llegan al poder.<\/p>\n<p>Ort\u00edz Bosch, en esa ocasi\u00f3n,\u00a0 una dirigente perrede\u00edsta de larga trayectoria, que fue\u00a0 senadora por el Distrito Nacional en dos per\u00edodos (1994-1998 y 1998-2000), fue la vicepresidenta en el gobierno que encabez\u00f3\u00a0 Hip\u00f3lito Mej\u00eda (2000-2004). Una vez, el PRD gana la Presidencia, Mej\u00eda la design\u00f3\u00a0\u00a0 ministra de Educaci\u00f3n.<\/p>\n<p>Cede\u00f1o de Fern\u00e1ndez es vicepresidenta en el gobierno que preside Danilo Medina S\u00e1nchez, y antes, fue la primera dama del pa\u00eds durante los 8 a\u00f1os de ejerci\u00f3 su esposo, Leonel Fern\u00e1ndez, desde el 2004 hasta el 2008, en dos per\u00edodos.<\/p>\n<p>Desde la Vicepresidencia, est\u00e1 cargo del Gabinete de Coordinaci\u00f3n de Pol\u00edticas Sociales, desde el cual ha dado continuidad a proyectos que ya desarrollaba desde el Despacho de la Primera Dama.<\/p>\n<p>Ahora, Cede\u00f1o entiende que el pa\u00eds est\u00e1 preparado para que gobierne una mujer, lo cual ha manifestado en varias oportunidades.<\/p>\n<p>&nbsp;<\/p>\n<p><strong>Fuente: Listin Diario<\/strong><\/p>\n","protected":false},"excerpt":{"rendered":"<p>La Vicepresidencia es la posici\u00f3n electiva m\u00e1s alta que han ocupado las mujeres en la Rep\u00fablica Dominicana, pero cuya candidatura no se decide en votaciones internas de los partidos, sino por decisi\u00f3n del candidato a la Presidencia. Y como se trata de un mismo nivel de elecci\u00f3n, que es indivisible, los ciudadanos no tienen la opci\u00f3n de votar directamente por la candidatura a la vicepresidencia,\u00a0 sino m\u00e1s bien, por una f\u00f3rmula de un partido que la encabeza el candidato a la Presidencia, por lo cual no es posible determinar con&hellip;<\/p>\n","protected":false},"author":3,"featured_media":606,"comment_status":"open","ping_status":"open","sticky":false,"template":"","format":"standard","meta":{"rop_custom_images_group":[],"rop_custom_messages_group":[],"rop_publish_now":"initial","rop_publish_now_accounts":[],"rop_publish_now_history":[],"rop_publish_now_status":"pending","footnotes":""},"categories":[2,24],"tags":[],"class_list":["post-605","post","type-post","status-publish","format-standard","has-post-thumbnail","hentry","category-actualidad","category-politica"],"_links":{"self":[{"href":"https:\/\/larepublicanews.com.do\/live\/wp-json\/wp\/v2\/posts\/605","targetHints":{"allow":["GET"]}}],"collection":[{"href":"https:\/\/larepublicanews.com.do\/live\/wp-json\/wp\/v2\/posts"}],"about":[{"href":"https:\/\/larepublicanews.com.do\/live\/wp-json\/wp\/v2\/types\/post"}],"author":[{"embeddable":true,"href":"https:\/\/larepublicanews.com.do\/live\/wp-json\/wp\/v2\/users\/3"}],"replies":[{"embeddable":true,"href":"https:\/\/larepublicanews.com.do\/live\/wp-json\/wp\/v2\/comments?post=605"}],"version-history":[{"count":0,"href":"https:\/\/larepublicanews.com.do\/live\/wp-json\/wp\/v2\/posts\/605\/revisions"}],"wp:featuredmedia":[{"embeddable":true,"href":"https:\/\/larepublicanews.com.do\/live\/wp-json\/wp\/v2\/media\/606"}],"wp:attachment":[{"href":"https:\/\/larepublicanews.com.do\/live\/wp-json\/wp\/v2\/media?parent=605"}],"wp:term":[{"taxonomy":"category","embeddable":true,"href":"https:\/\/larepublicanews.com.do\/live\/wp-json\/wp\/v2\/categories?post=605"},{"taxonomy":"post_tag","embeddable":true,"href":"https:\/\/larepublicanews.com.do\/live\/wp-json\/wp\/v2\/tags?post=605"}],"curies":[{"name":"wp","href":"https:\/\/api.w.org\/{rel}","templated":true}]}}