{"id":598,"date":"2019-04-10T22:24:19","date_gmt":"2019-04-10T22:24:19","guid":{"rendered":"http:\/\/diario24news.com\/hoy\/?p=598"},"modified":"2019-04-10T22:24:19","modified_gmt":"2019-04-10T22:24:19","slug":"aplazan-para-el-viernes-conocimiento-de-medida-de-coercion-a-kanqui","status":"publish","type":"post","link":"https:\/\/larepublicanews.com.do\/live\/aplazan-para-el-viernes-conocimiento-de-medida-de-coercion-a-kanqui\/","title":{"rendered":"Aplazan para el viernes conocimiento de medida de coerci\u00f3n a Kanqui"},"content":{"rendered":"<p>El Cuarto Juzgado de la Instrucci\u00f3n de Santiago aplaz\u00f3 para\u00a0 el viernes el conocimiento de medida de coerci\u00f3n a Kelvin N\u00fa\u00f1ez, el payaso Kanqui, \u00a0acusado de abuso sexual contra menores de edad.<\/p>\n<p>Pablo Santos, abogado del imputado, dijo que ellos solicitaron el aplazamiento\u00a0 para conocer m\u00e1s a fondo el expediente y que el Ministerio P\u00fablico hizo esa misma solicitud, pero para\u00a0 que las victimas acudan al tribunal, ya que hoy no asistieron.<\/p>\n<p>En cuanto a una cuarta persona que ha denunciado abuso, \u00a0de nombre Vladimir de Jes\u00fas Mart\u00ednez, el abogado respondi\u00f3 que \u201ces una nueva v\u00edctima, o mejor dicho no es nueva, ya los medios de comunicaci\u00f3n estuvieron hablando y el mismo Ministerio P\u00fablico hab\u00eda dado declaraciones a la prensa de que hab\u00eda una cuarta persona\u201d<\/p>\n<p>La audiencia fue aplazada para las 10:00 de la ma\u00f1ana de este viernes.<\/p>\n<p>Se recuerda que el famoso payaso fue apresado el pasado martes al regresar al pa\u00eds desde los Estados Unidos, el mismo d\u00eda en que se divulg\u00f3 el programa de investigaci\u00f3n sobre denuncias.<\/p>\n<p><strong>Fuente: Listin Diario<\/strong><\/p>\n","protected":false},"excerpt":{"rendered":"<p>El Cuarto Juzgado de la Instrucci\u00f3n de Santiago aplaz\u00f3 para\u00a0 el viernes el conocimiento de medida de coerci\u00f3n a Kelvin N\u00fa\u00f1ez, el payaso Kanqui, \u00a0acusado de abuso sexual contra menores de edad. Pablo Santos, abogado del imputado, dijo que ellos solicitaron el aplazamiento\u00a0 para conocer m\u00e1s a fondo el expediente y que el Ministerio P\u00fablico hizo esa misma solicitud, pero para\u00a0 que las victimas acudan al tribunal, ya que hoy no asistieron. En cuanto a una cuarta persona que ha denunciado abuso, \u00a0de nombre Vladimir de Jes\u00fas Mart\u00ednez, el abogado&hellip;<\/p>\n","protected":false},"author":3,"featured_media":599,"comment_status":"open","ping_status":"open","sticky":false,"template":"","format":"standard","meta":{"rop_custom_images_group":[],"rop_custom_messages_group":[],"rop_publish_now":"initial","rop_publish_now_accounts":[],"rop_publish_now_history":[],"rop_publish_now_status":"pending","footnotes":""},"categories":[2],"tags":[],"class_list":["post-598","post","type-post","status-publish","format-standard","has-post-thumbnail","hentry","category-actualidad"],"_links":{"self":[{"href":"https:\/\/larepublicanews.com.do\/live\/wp-json\/wp\/v2\/posts\/598","targetHints":{"allow":["GET"]}}],"collection":[{"href":"https:\/\/larepublicanews.com.do\/live\/wp-json\/wp\/v2\/posts"}],"about":[{"href":"https:\/\/larepublicanews.com.do\/live\/wp-json\/wp\/v2\/types\/post"}],"author":[{"embeddable":true,"href":"https:\/\/larepublicanews.com.do\/live\/wp-json\/wp\/v2\/users\/3"}],"replies":[{"embeddable":true,"href":"https:\/\/larepublicanews.com.do\/live\/wp-json\/wp\/v2\/comments?post=598"}],"version-history":[{"count":0,"href":"https:\/\/larepublicanews.com.do\/live\/wp-json\/wp\/v2\/posts\/598\/revisions"}],"wp:featuredmedia":[{"embeddable":true,"href":"https:\/\/larepublicanews.com.do\/live\/wp-json\/wp\/v2\/media\/599"}],"wp:attachment":[{"href":"https:\/\/larepublicanews.com.do\/live\/wp-json\/wp\/v2\/media?parent=598"}],"wp:term":[{"taxonomy":"category","embeddable":true,"href":"https:\/\/larepublicanews.com.do\/live\/wp-json\/wp\/v2\/categories?post=598"},{"taxonomy":"post_tag","embeddable":true,"href":"https:\/\/larepublicanews.com.do\/live\/wp-json\/wp\/v2\/tags?post=598"}],"curies":[{"name":"wp","href":"https:\/\/api.w.org\/{rel}","templated":true}]}}