{"id":590,"date":"2019-04-09T04:44:55","date_gmt":"2019-04-09T04:44:55","guid":{"rendered":"http:\/\/diario24news.com\/hoy\/?p=590"},"modified":"2019-04-09T04:44:55","modified_gmt":"2019-04-09T04:44:55","slug":"leonel-afirma-respeto-a-la-constitucion-es-condicion-previa-para-prosperidad-y-bienestar-del-pais","status":"publish","type":"post","link":"https:\/\/larepublicanews.com.do\/live\/leonel-afirma-respeto-a-la-constitucion-es-condicion-previa-para-prosperidad-y-bienestar-del-pais\/","title":{"rendered":"Leonel afirma respeto a la Constituci\u00f3n es condici\u00f3n previa para prosperidad y bienestar del pa\u00eds"},"content":{"rendered":"<p>El expresidente Leonel Fern\u00e1ndez reiter\u00f3 este domingo ante cientos de profesores que su defensa a la Constituci\u00f3n, lo que defini\u00f3 como un servicio al pueblo mira hacia la estabilidad pol\u00edtica democr\u00e1tica en el pa\u00eds como condici\u00f3n previa para que pueda haber prosperidad, bienestar y justicia social para todos los dominicanos.<\/p>\n<p>Al encabezar un acto donde los profesores de universidades de todo el pa\u00eds le mostraron su apoyo afirm\u00f3 que en la actualidad la raz\u00f3n est\u00e1 luchando contra el absurdo. Un absurdo que logr\u00f3 comprender desde su primer semestre en la escuela de derecho porque recuerda la frase de uno de sus profesores que parafraseando a Montesquieu, en el esp\u00edritu de las leyes que dec\u00eda que el desconocimiento al orden constitucional hist\u00f3ricamente siempre es el origen de una tiran\u00eda.<\/p>\n<p>\u201cDe manera que esta batalla que estamos librando y que hoy adquiere mayor dimensi\u00f3n, porque ustedes se incorporan plenamente a ella, es, digamos, un servicio que le estamos prestando a nuestro pa\u00eds justamente en el mes de abril cuando nos acercamos al hist\u00f3rico 24 de abril, cuando el pueblo dominicano literalmente se lanz\u00f3 a las calles en defensa de la Constituci\u00f3n de la Rep\u00fablica\u201d, enfatiz\u00f3.<\/p>\n<p>Fern\u00e1ndez encabez\u00f3 el acto en el que recibi\u00f3 el apoyo de cientos de profesores universitarios de todo el pa\u00eds quienes se comprometieron a trabajar para que \u00e9l sea el pr\u00f3ximo presidente de la Rep\u00fablica coordinados por la exministra de Educaci\u00f3n Superior Ligia Amada.<\/p>\n<p>\u201cYo he recorrido los 158 municipios del pa\u00eds, por todas las provincias de la Rep\u00fablica y a cada sitio que vamos, voy notando como el entusiasmo y el apoyo crece y por tanto voy posteando ya un nuevo triunfo electoral, pero, con la presencia masiva de ustedes aqu\u00ed hoy, estoy llegando a la firme convicci\u00f3n de que no hay fuerza ya que pueda detener el retorno al Palacio Nacional en agosto del a\u00f1o 2020\u201d, dijo Fern\u00e1ndez.<\/p>\n<p>Defini\u00f3 el grupo de profesores que le apoyaron como uno de los movimientos pol\u00edticos de mayor impacto en la historia del pa\u00eds.<\/p>\n<p>\u201cPero mi convicci\u00f3n en el d\u00eda de hoy de que ese triunfo se torna inevitable es por la presencia de ustedes. Ustedes representan una masa cr\u00edtica especial de la Rep\u00fablica Dominicana, ustedes simbolizan el conocimiento, la ciencia y el saber y si el conocimiento, la ciencia y el saber est\u00e1 hoy aqu\u00ed dando apoyo eso significa efectivamente que no hay manera de evitar ese triunfo electoral en mayo del a\u00f1o pr\u00f3ximo\u201d, agreg\u00f3 al aspirante presidencial.<\/p>\n<p>\u201cY por tanto, desde la \u00f3ptica del conocimiento puedo asumir esta postura pol\u00edtica, que es una postura pol\u00edtica \u00e9tica\u201d, dijo Fern\u00e1ndez quien anunci\u00f3 que el pr\u00f3ximo 5 de mayo encabezar\u00e1 un acto masivo en el Estadio Ol\u00edmpico F\u00e9lix S\u00e1nchez, para presentar los dos millones de firmas de igual cantidad de dominicanos que apoyan su retorno al poder.<\/p>\n<p><strong>Fuente: Diario Libre<\/strong><\/p>\n","protected":false},"excerpt":{"rendered":"<p>El expresidente Leonel Fern\u00e1ndez reiter\u00f3 este domingo ante cientos de profesores que su defensa a la Constituci\u00f3n, lo que defini\u00f3 como un servicio al pueblo mira hacia la estabilidad pol\u00edtica democr\u00e1tica en el pa\u00eds como condici\u00f3n previa para que pueda haber prosperidad, bienestar y justicia social para todos los dominicanos. Al encabezar un acto donde los profesores de universidades de todo el pa\u00eds le mostraron su apoyo afirm\u00f3 que en la actualidad la raz\u00f3n est\u00e1 luchando contra el absurdo. Un absurdo que logr\u00f3 comprender desde su primer semestre en la&hellip;<\/p>\n","protected":false},"author":3,"featured_media":591,"comment_status":"open","ping_status":"open","sticky":false,"template":"","format":"standard","meta":{"rop_custom_images_group":[],"rop_custom_messages_group":[],"rop_publish_now":"initial","rop_publish_now_accounts":[],"rop_publish_now_history":[],"rop_publish_now_status":"pending","footnotes":""},"categories":[24],"tags":[],"class_list":["post-590","post","type-post","status-publish","format-standard","has-post-thumbnail","hentry","category-politica"],"_links":{"self":[{"href":"https:\/\/larepublicanews.com.do\/live\/wp-json\/wp\/v2\/posts\/590","targetHints":{"allow":["GET"]}}],"collection":[{"href":"https:\/\/larepublicanews.com.do\/live\/wp-json\/wp\/v2\/posts"}],"about":[{"href":"https:\/\/larepublicanews.com.do\/live\/wp-json\/wp\/v2\/types\/post"}],"author":[{"embeddable":true,"href":"https:\/\/larepublicanews.com.do\/live\/wp-json\/wp\/v2\/users\/3"}],"replies":[{"embeddable":true,"href":"https:\/\/larepublicanews.com.do\/live\/wp-json\/wp\/v2\/comments?post=590"}],"version-history":[{"count":0,"href":"https:\/\/larepublicanews.com.do\/live\/wp-json\/wp\/v2\/posts\/590\/revisions"}],"wp:featuredmedia":[{"embeddable":true,"href":"https:\/\/larepublicanews.com.do\/live\/wp-json\/wp\/v2\/media\/591"}],"wp:attachment":[{"href":"https:\/\/larepublicanews.com.do\/live\/wp-json\/wp\/v2\/media?parent=590"}],"wp:term":[{"taxonomy":"category","embeddable":true,"href":"https:\/\/larepublicanews.com.do\/live\/wp-json\/wp\/v2\/categories?post=590"},{"taxonomy":"post_tag","embeddable":true,"href":"https:\/\/larepublicanews.com.do\/live\/wp-json\/wp\/v2\/tags?post=590"}],"curies":[{"name":"wp","href":"https:\/\/api.w.org\/{rel}","templated":true}]}}