{"id":584,"date":"2019-04-09T04:37:30","date_gmt":"2019-04-09T04:37:30","guid":{"rendered":"http:\/\/diario24news.com\/hoy\/?p=584"},"modified":"2019-04-09T04:37:30","modified_gmt":"2019-04-09T04:37:30","slug":"kelvin-nunez-mientras-yo-respire-kanqui-va-a-estar-vivo","status":"publish","type":"post","link":"https:\/\/larepublicanews.com.do\/live\/kelvin-nunez-mientras-yo-respire-kanqui-va-a-estar-vivo\/","title":{"rendered":"Kelvin N\u00fa\u00f1ez: \u201cMientras yo respire Kanqui va a estar vivo\u201d"},"content":{"rendered":"<div id=\"ArticleAuthorDiv\" class=\"article-body-author\"><b>Por: Ornelio Dom\u00ednguez\/Yudelka Dom\u00ednguez<\/b><\/div>\n<div id=\"ArticleSourceDiv\" class=\"article-body-author\"><\/div>\n<div id=\"ArticleBody\">\n<p>Kelvin Francisco N\u00fa\u00f1ez Morel, conocido art\u00edsticamente por su personaje infantil \u201cKanqui\u201d, lleg\u00f3 la noche del lunes al pa\u00eds para presentarse ante autoridades por presunto abuso sexual contra varios menores.<\/p>\n<p>Al ser entrevistado en el Palacio de Justicia de Santiago por Nels\u00f3n Javier \u201cEl Cocodrilo\u201d, sostuvo que su llegada la hac\u00eda de forma voluntaria.<\/p>\n<p>Se\u00f1ala que sali\u00f3 del pa\u00eds hacer algunos trabajos de grabaci\u00f3n y al ver las acusaciones en su contra decide cambiar su vuelo, pautado para el jueves y as\u00ed orientarse respecto a lo que deb\u00eda hacer.<\/p>\n<p>N\u00fa\u00f1ez, inform\u00f3 que lo que m\u00e1s le preocupa de este proceso es su familia, al tiempo de aclarar que no hab\u00eda sido maltratado por las autoridades al llegar al pa\u00eds.<\/p>\n<p>\u201cQuiero que mi familia este tranquilla nadie me ha maltratado. Yo quiero que sepan, \u00a0porque hay gente que cree en m\u00ed, yo no he atentado con mi vida y quiero que mi familia lo sepa, tengo 37 a\u00f1os de edad y desde los 12 he estado formando mi personaje\u201d, expres\u00f3 el artista al ser entrevistado por Nelson Javier \u201cEl Cocodrilo\u201d en la puerta de la fiscal\u00eda.<\/p>\n<p>Cuestionado sobre si su personaje luego de esta acusaci\u00f3n desaparecer\u00e1, expreso que \u201cmientras yo respire Kanqu\u00ed va a estar vivo\u201d.<\/p>\n<p>Kelvin Francisco N\u00fa\u00f1ez Morel neg\u00f3 que est\u00e9 involucrado en la \u00a0supuesta red que hacia incursionar a menores en pr\u00e1cticas sexuales como denunciara a trav\u00e9s de este medio el joven Robert Antonio Collado.<\/p>\n<p>El artista est\u00e1 detenido en la c\u00e1rcel del Palacio de Justicia de Santiago y en las pr\u00f3ximas horas se le conocer\u00e1 medida de coerci\u00f3n.<\/p>\n<\/div>\n","protected":false},"excerpt":{"rendered":"<p>Por: Ornelio Dom\u00ednguez\/Yudelka Dom\u00ednguez Kelvin Francisco N\u00fa\u00f1ez Morel, conocido art\u00edsticamente por su personaje infantil \u201cKanqui\u201d, lleg\u00f3 la noche del lunes al pa\u00eds para presentarse ante autoridades por presunto abuso sexual contra varios menores. Al ser entrevistado en el Palacio de Justicia de Santiago por Nels\u00f3n Javier \u201cEl Cocodrilo\u201d, sostuvo que su llegada la hac\u00eda de forma voluntaria. Se\u00f1ala que sali\u00f3 del pa\u00eds hacer algunos trabajos de grabaci\u00f3n y al ver las acusaciones en su contra decide cambiar su vuelo, pautado para el jueves y as\u00ed orientarse respecto a lo que&hellip;<\/p>\n","protected":false},"author":3,"featured_media":585,"comment_status":"open","ping_status":"open","sticky":false,"template":"","format":"standard","meta":{"rop_custom_images_group":[],"rop_custom_messages_group":[],"rop_publish_now":"initial","rop_publish_now_accounts":[],"rop_publish_now_history":[],"rop_publish_now_status":"pending","footnotes":""},"categories":[13],"tags":[],"class_list":["post-584","post","type-post","status-publish","format-standard","has-post-thumbnail","hentry","category-entretenimiento"],"_links":{"self":[{"href":"https:\/\/larepublicanews.com.do\/live\/wp-json\/wp\/v2\/posts\/584","targetHints":{"allow":["GET"]}}],"collection":[{"href":"https:\/\/larepublicanews.com.do\/live\/wp-json\/wp\/v2\/posts"}],"about":[{"href":"https:\/\/larepublicanews.com.do\/live\/wp-json\/wp\/v2\/types\/post"}],"author":[{"embeddable":true,"href":"https:\/\/larepublicanews.com.do\/live\/wp-json\/wp\/v2\/users\/3"}],"replies":[{"embeddable":true,"href":"https:\/\/larepublicanews.com.do\/live\/wp-json\/wp\/v2\/comments?post=584"}],"version-history":[{"count":0,"href":"https:\/\/larepublicanews.com.do\/live\/wp-json\/wp\/v2\/posts\/584\/revisions"}],"wp:featuredmedia":[{"embeddable":true,"href":"https:\/\/larepublicanews.com.do\/live\/wp-json\/wp\/v2\/media\/585"}],"wp:attachment":[{"href":"https:\/\/larepublicanews.com.do\/live\/wp-json\/wp\/v2\/media?parent=584"}],"wp:term":[{"taxonomy":"category","embeddable":true,"href":"https:\/\/larepublicanews.com.do\/live\/wp-json\/wp\/v2\/categories?post=584"},{"taxonomy":"post_tag","embeddable":true,"href":"https:\/\/larepublicanews.com.do\/live\/wp-json\/wp\/v2\/tags?post=584"}],"curies":[{"name":"wp","href":"https:\/\/api.w.org\/{rel}","templated":true}]}}