{"id":581,"date":"2019-04-09T04:33:19","date_gmt":"2019-04-09T04:33:19","guid":{"rendered":"http:\/\/diario24news.com\/hoy\/?p=581"},"modified":"2019-04-09T04:33:19","modified_gmt":"2019-04-09T04:33:19","slug":"democracia-y-espacios-de-pensamiento","status":"publish","type":"post","link":"https:\/\/larepublicanews.com.do\/live\/democracia-y-espacios-de-pensamiento\/","title":{"rendered":"Democracia y espacios de pensamiento"},"content":{"rendered":"<p>Por. Liza Collado<\/p>\n<p>&nbsp;<\/p>\n<p>En Am\u00e9rica Latina ha crecido entre los ciudadanos el s\u00edntoma del\u00a0 \u201cdem\u00f3crata insatisfecho\u201d y nuestro pa\u00eds no escapa a ello, es un fen\u00f3meno bien conocido en muchas democracias establecidas que explica por qu\u00e9 algunas sociedades han dirigido su mirada hacia l\u00edderes populistas que se presentan como ajenos al poder tradicional y que prometen perspectivas innovadoras.<\/p>\n<p>&nbsp;<\/p>\n<p>Para que la democracia crezca, se necesita trabajar sin descanso para que las instituciones democr\u00e1ticas \u2013desde los legisladores hasta las autoridades locales\u2013 sean transparentes, den cuenta de sus acciones y desarrollen las habilidades y capacidades necesarias para desempe\u00f1ar sus funciones fundamentales. Esto significa que hay que asegurar que el poder en todos los niveles de gobierno se estructure y distribuya de tal forma que d\u00e9 voz y participaci\u00f3n real a los excluidos y provea los mecanismos por los cuales los poderosos \u2013sean l\u00edderes pol\u00edticos, empresarios u otros actores\u2013 est\u00e9n obligados a rendir cuenta de sus acciones.<\/p>\n<p>&nbsp;<\/p>\n<p>Consolidar la democracia es un proceso, no un acto aislado. Hacer que las instituciones p\u00fablicas se desempe\u00f1en efectivamente es s\u00f3lo una parte del desaf\u00edo. La otra es demostrar a ciudadanas y ciudadanos que los gobiernos democr\u00e1ticos trabajan en las cuestiones que verdaderamente preocupan a la gente, que son capaces de dar respuestas a la poblaci\u00f3n y que estos est\u00e1n sujetos al efectivo control ciudadano cuando no cumplen.<\/p>\n<p>&nbsp;<\/p>\n<p>Recientemente el espacio de pensamiento cr\u00edtico, debate y reflexi\u00f3n pol\u00edtica, Colokio RD, que dirige la compa\u00f1era Esmeralda Bello, nos present\u00f3 en la Pontificia Universidad Cat\u00f3lica Madre y Maestra PUCMM al Dr. David \u00c1lvarez, un estudioso, que de forma brillante pudo explicar por qu\u00e9 la Rep\u00fablica Dominicana es una democracia en transici\u00f3n que inici\u00f3 en el a\u00f1o 1996 y a\u00fan se mantiene.<\/p>\n<p>&nbsp;<\/p>\n","protected":false},"excerpt":{"rendered":"<p>Por. Liza Collado &nbsp; En Am\u00e9rica Latina ha crecido entre los ciudadanos el s\u00edntoma del\u00a0 \u201cdem\u00f3crata insatisfecho\u201d y nuestro pa\u00eds no escapa a ello, es un fen\u00f3meno bien conocido en muchas democracias establecidas que explica por qu\u00e9 algunas sociedades han dirigido su mirada hacia l\u00edderes populistas que se presentan como ajenos al poder tradicional y que prometen perspectivas innovadoras. &nbsp; Para que la democracia crezca, se necesita trabajar sin descanso para que las instituciones democr\u00e1ticas \u2013desde los legisladores hasta las autoridades locales\u2013 sean transparentes, den cuenta de sus acciones y&hellip;<\/p>\n","protected":false},"author":3,"featured_media":582,"comment_status":"open","ping_status":"open","sticky":false,"template":"","format":"standard","meta":{"rop_custom_images_group":[],"rop_custom_messages_group":[],"rop_publish_now":"initial","rop_publish_now_accounts":[],"rop_publish_now_history":[],"rop_publish_now_status":"pending","footnotes":""},"categories":[2],"tags":[],"class_list":["post-581","post","type-post","status-publish","format-standard","has-post-thumbnail","hentry","category-actualidad"],"_links":{"self":[{"href":"https:\/\/larepublicanews.com.do\/live\/wp-json\/wp\/v2\/posts\/581","targetHints":{"allow":["GET"]}}],"collection":[{"href":"https:\/\/larepublicanews.com.do\/live\/wp-json\/wp\/v2\/posts"}],"about":[{"href":"https:\/\/larepublicanews.com.do\/live\/wp-json\/wp\/v2\/types\/post"}],"author":[{"embeddable":true,"href":"https:\/\/larepublicanews.com.do\/live\/wp-json\/wp\/v2\/users\/3"}],"replies":[{"embeddable":true,"href":"https:\/\/larepublicanews.com.do\/live\/wp-json\/wp\/v2\/comments?post=581"}],"version-history":[{"count":0,"href":"https:\/\/larepublicanews.com.do\/live\/wp-json\/wp\/v2\/posts\/581\/revisions"}],"wp:featuredmedia":[{"embeddable":true,"href":"https:\/\/larepublicanews.com.do\/live\/wp-json\/wp\/v2\/media\/582"}],"wp:attachment":[{"href":"https:\/\/larepublicanews.com.do\/live\/wp-json\/wp\/v2\/media?parent=581"}],"wp:term":[{"taxonomy":"category","embeddable":true,"href":"https:\/\/larepublicanews.com.do\/live\/wp-json\/wp\/v2\/categories?post=581"},{"taxonomy":"post_tag","embeddable":true,"href":"https:\/\/larepublicanews.com.do\/live\/wp-json\/wp\/v2\/tags?post=581"}],"curies":[{"name":"wp","href":"https:\/\/api.w.org\/{rel}","templated":true}]}}