{"id":575,"date":"2019-04-07T21:41:10","date_gmt":"2019-04-07T21:41:10","guid":{"rendered":"http:\/\/diario24news.com\/hoy\/?p=575"},"modified":"2019-04-07T21:41:10","modified_gmt":"2019-04-07T21:41:10","slug":"leonel-fernandez-cita-retos-de-la-educacion-superior-de-rd-nohaymarchaatras","status":"publish","type":"post","link":"https:\/\/larepublicanews.com.do\/live\/leonel-fernandez-cita-retos-de-la-educacion-superior-de-rd-nohaymarchaatras\/","title":{"rendered":"Leonel Fern\u00e1ndez cita retos de la educaci\u00f3n superior de RD"},"content":{"rendered":"<p><a href=\"https:\/\/larepublicanews.com.do\/live\/wp-content\/uploads\/2019\/04\/WhatsApp-Image-2019-04-07-at-12.01.38-PM-7.jpeg\"><img loading=\"lazy\" decoding=\"async\" class=\"alignnone size-full wp-image-577\" src=\"https:\/\/larepublicanews.com.do\/live\/wp-content\/uploads\/2019\/04\/WhatsApp-Image-2019-04-07-at-12.01.38-PM-7.jpeg\" alt=\"\" width=\"1024\" height=\"683\" srcset=\"https:\/\/larepublicanews.com.do\/live\/wp-content\/uploads\/2019\/04\/WhatsApp-Image-2019-04-07-at-12.01.38-PM-7.jpeg 1024w, https:\/\/larepublicanews.com.do\/live\/wp-content\/uploads\/2019\/04\/WhatsApp-Image-2019-04-07-at-12.01.38-PM-7-300x200.jpeg 300w, https:\/\/larepublicanews.com.do\/live\/wp-content\/uploads\/2019\/04\/WhatsApp-Image-2019-04-07-at-12.01.38-PM-7-768x512.jpeg 768w, https:\/\/larepublicanews.com.do\/live\/wp-content\/uploads\/2019\/04\/WhatsApp-Image-2019-04-07-at-12.01.38-PM-7-450x300.jpeg 450w\" sizes=\"auto, (max-width: 1024px) 100vw, 1024px\" \/><\/a>Santo Domingo.-La innovaci\u00f3n tecnol\u00f3gica, la conectividad y la competitividad son los tres grandes retos de la educaci\u00f3n superior en la Rep\u00fablica Dominicana, dijo el expresidente Leonel Fern\u00e1ndez y aspirante a la nominaci\u00f3n presidencial por el PLD durante el desarrollo de un acto masivo de catedr\u00e1ticos, decanos y coordinadores universitarios que respaldan su retorno al poder.<!--more--><\/p>\n<p>El presidente del Partido de la Liberaci\u00f3n Dominicana (PLD), que pronunci\u00f3 un discurso en el \u201cEncuentro de Profesores con Leonel\u201d, en la capital, sostuvo que las universidades deben ser las garantes para llevar al pa\u00eds a mejorar los \u00edndices de conectividad, competitividad e innovaci\u00f3n.<\/p>\n<p>Manifest\u00f3 que en una nueva administraci\u00f3n de gobierno, promover\u00e1 una alianza p\u00fablico privada, a los fines de generar mayor inversi\u00f3n para alcanzar topes superiores en los \u00edndices donde Rep\u00fablica Dominicana aparece en niveles bajos.<\/p>\n<p>Destac\u00f3 que en el \u00edndice de competitividad, el pa\u00eds no aparece bien colocado porque, entre otras cosas, no genera patentes sobre innovaci\u00f3n en bienes y servicios, debido a que muchos de los egresados de las universidades se inclinan por carreras tradicionales.<\/p>\n<p>\u201cCuando la educaci\u00f3n superior deje de ser meramente una mercanc\u00eda y mejore la calidad, eso va a implicar una verdadera revoluci\u00f3n en la educaci\u00f3n dominicana\u201d, dijo Fern\u00e1ndez quien fue efusivamente aplaudido por los profesores y las profesoras presentes.<\/p>\n<p>Fern\u00e1ndez, quien aparece puntero en todas las encuestas de preferencia electoral, refiri\u00f3 que el debate ha girado en torno al presupuesto de inversi\u00f3n en educaci\u00f3n, \u201cy nunca he escuchado el abordaje de la calidad\u201d.<\/p>\n<p>Observ\u00f3 que los centros de educaci\u00f3n superior dejaron de ser recept\u00e1culos de ideolog\u00edas pol\u00edticas y se deben convertir en formadores de una masa cr\u00edtica para la investigaci\u00f3n, la innovaci\u00f3n y la competitividad.<\/p>\n<p>Anunci\u00f3 que para mejorar la educaci\u00f3n superior se debe invertir en la educaci\u00f3n inicial, b\u00e1sica y media, dotando laboratorios de f\u00edsica, qu\u00edmica y biolog\u00eda en las escuelas p\u00fablicas, as\u00ed como bibliotecas para incentivar h\u00e1bito de lectura y orquestas infantiles y juveniles que permitan crear una cultura de estudio de las bellas arte.<\/p>\n<p>Destac\u00f3 que las bibliotecas en las escuelas permitir\u00e1n h\u00e1bitos de lectura porque entiende que el conocimiento se adquiere por esa v\u00eda.<\/p>\n<p>Resaltan su obra<\/p>\n<p>La exministra de Educaci\u00f3n Superior, Ciencia y Tecnolog\u00eda, Ligia Amada Melo, inform\u00f3 que miles de profesores universitarios de centros p\u00fablicos y privados, estudiantes y personal administrativo trabajan a nivel nacional en centros regionales y las facultades para garantizar la candidatura de Fern\u00e1ndez.<\/p>\n<p>Asegur\u00f3 que Fern\u00e1ndez dignific\u00f3 la educaci\u00f3n superior, con la construcci\u00f3n obras, fortalecimiento institucional, de la oferta acad\u00e9mica y formaci\u00f3n de los maestros y maestras universitarios.<\/p>\n<p>La coordinadora del sector educaci\u00f3n superior del Proyecto Leonel 2020 manifest\u00f3 que en una nueva gesti\u00f3n gubernamental, el presidente del PLD implementar\u00e1 pol\u00edticas p\u00fablicas y programas que continuar\u00e1n impulsando el progreso y el desarrollo del pa\u00eds.<\/p>\n<p>Inform\u00f3 que miles de profesores universitarios de instituciones p\u00fablicas y privadas, estudiantes y personal administrativo trabajan a nivel nacional en centros regionales y las facultades para garantizar la candidatura de Fern\u00e1ndez.<\/p>\n<p>En tanto que el coordinador de Mayor\u00eda Universitaria con Leonel, Lorezo Vargas (Lenchy), record\u00f3 que de 1995 al a\u00f1o 2012 la matriculaci\u00f3n universitaria creci\u00f3 300 por ciento gracias al impulso dado por las administraciones de gobierno de Fern\u00e1ndez.<\/p>\n<p>En la actividad estuvieron presentes el doctor Bautista Rojas, coordinador operativo del Proyecto Leonel 2020; Josefina Pimentel, exministra de Educaci\u00f3n; Rita Sol\u00eds, viuda del exrector de la UASD Mateo Febrillet, as\u00ed como decanos y profesores de varias universidades.<\/p>\n<p>En la actividad hablaron tambi\u00e9n Ana Dolores Contreras, exdecana Facultad de Educaci\u00f3n de la UASD; S\u00f3focles Mart\u00ednez, profesor universitario de Santiago; Jos\u00e9 Ram\u00f3n Casado, de la Facultad de Ciencias Jur\u00eddicas de la UASD; David Arias, coordinador de maestros del INTEC; y Nathanael Guti\u00e9rrez, exbecario de los programas de becas de la gesti\u00f3n de Fern\u00e1ndez.<\/p>\n<p>&nbsp;<\/p>\n","protected":false},"excerpt":{"rendered":"<p>Santo Domingo.-La innovaci\u00f3n tecnol\u00f3gica, la conectividad y la competitividad son los tres grandes retos de la educaci\u00f3n superior en la Rep\u00fablica Dominicana, dijo el expresidente Leonel Fern\u00e1ndez y aspirante a la nominaci\u00f3n presidencial por el PLD durante el desarrollo de un acto masivo de catedr\u00e1ticos, decanos y coordinadores universitarios que respaldan su retorno al poder.<\/p>\n","protected":false},"author":3,"featured_media":576,"comment_status":"open","ping_status":"open","sticky":false,"template":"","format":"standard","meta":{"rop_custom_images_group":[],"rop_custom_messages_group":[],"rop_publish_now":"initial","rop_publish_now_accounts":[],"rop_publish_now_history":[],"rop_publish_now_status":"pending","footnotes":""},"categories":[24],"tags":[],"class_list":["post-575","post","type-post","status-publish","format-standard","has-post-thumbnail","hentry","category-politica"],"_links":{"self":[{"href":"https:\/\/larepublicanews.com.do\/live\/wp-json\/wp\/v2\/posts\/575","targetHints":{"allow":["GET"]}}],"collection":[{"href":"https:\/\/larepublicanews.com.do\/live\/wp-json\/wp\/v2\/posts"}],"about":[{"href":"https:\/\/larepublicanews.com.do\/live\/wp-json\/wp\/v2\/types\/post"}],"author":[{"embeddable":true,"href":"https:\/\/larepublicanews.com.do\/live\/wp-json\/wp\/v2\/users\/3"}],"replies":[{"embeddable":true,"href":"https:\/\/larepublicanews.com.do\/live\/wp-json\/wp\/v2\/comments?post=575"}],"version-history":[{"count":0,"href":"https:\/\/larepublicanews.com.do\/live\/wp-json\/wp\/v2\/posts\/575\/revisions"}],"wp:featuredmedia":[{"embeddable":true,"href":"https:\/\/larepublicanews.com.do\/live\/wp-json\/wp\/v2\/media\/576"}],"wp:attachment":[{"href":"https:\/\/larepublicanews.com.do\/live\/wp-json\/wp\/v2\/media?parent=575"}],"wp:term":[{"taxonomy":"category","embeddable":true,"href":"https:\/\/larepublicanews.com.do\/live\/wp-json\/wp\/v2\/categories?post=575"},{"taxonomy":"post_tag","embeddable":true,"href":"https:\/\/larepublicanews.com.do\/live\/wp-json\/wp\/v2\/tags?post=575"}],"curies":[{"name":"wp","href":"https:\/\/api.w.org\/{rel}","templated":true}]}}