{"id":564,"date":"2019-04-01T15:01:17","date_gmt":"2019-04-01T15:01:17","guid":{"rendered":"http:\/\/diario24news.com\/hoy\/?p=564"},"modified":"2019-04-01T15:01:17","modified_gmt":"2019-04-01T15:01:17","slug":"leonel-promete-impulsar-zonas-francas-en-bonao-si-regresa-al-poder","status":"publish","type":"post","link":"https:\/\/larepublicanews.com.do\/live\/leonel-promete-impulsar-zonas-francas-en-bonao-si-regresa-al-poder\/","title":{"rendered":"Leonel promete impulsar zonas francas en Bonao si regresa al poder"},"content":{"rendered":"<p><span id=\"ctl14_lblMostra\">El expresidente Leonel Fern\u00e1ndez dijo en la provincia Monse\u00f1or Nouel que de regresar al poder estar\u00eda obligado a impulsar nuevas inversiones de zonas francas con alta tecnolog\u00eda que generen empleos para los j\u00f3venes.<\/span><\/p>\n<p>El exmandatario expres\u00f3, que la juventud dominicana cuando sale de las universidades requiere de puestos de trabajo seguros en las ramas donde cursaron carreras profesionales.<\/p>\n<p>Fern\u00e1ndez, quien presidi\u00f3 un \u201cmasivo acto\u201d de dirigentes y simpatizantes refiri\u00f3 que Rep\u00fablica Dominicana debe enfrentar el desempleo en la juventud, pues en la mayor\u00eda de las provincias que visita se encuentra con j\u00f3venes que han terminado carreras universitarias, pero no encuentran puestos de trabajo para insertarse en el aparato productivo nacional.<\/p>\n<p>Apunt\u00f3 que en las administraciones de Gobierno que presidi\u00f3, promovi\u00f3 la construcci\u00f3n del Centro Universitario Regional del Cibao Central (Curce-UASD), y que de lo que se trata ahora es de gestionar inversi\u00f3n extranjera para la instalaci\u00f3n de empresas tecnol\u00f3gicas creadoras de empleos.<\/p>\n<p>\u201cPara lograr otro triunfo del partido fundado por Juan Bosch, es necesario su unidad, que pasa por el respeto a la Constituci\u00f3n de la Rep\u00fablica\u201d, dijo.<\/p>\n<p>El presidente del Partido de la Liberaci\u00f3n Dominicana (PLD) sostuvo que esta provincia tiene un potencial para el turismo ecol\u00f3gico en el que se deben involucrar los j\u00f3venes egresados de esa carrera, no solo para el incentivo del sector, sino para la protecci\u00f3n del medio ambiente.<\/p>\n<p>Por otra parte, Fern\u00e1ndez destac\u00f3 que se hace imprescindible la ejecuci\u00f3n de un plan de viviendas para familias vulnerables en la provincia Monse\u00f1or Nouel, para darle seguimiento a los programas de construcci\u00f3n de viviendas que se ejecutaron en sus administraciones.<\/p>\n","protected":false},"excerpt":{"rendered":"<p>El expresidente Leonel Fern\u00e1ndez dijo en la provincia Monse\u00f1or Nouel que de regresar al poder estar\u00eda obligado a impulsar nuevas inversiones de zonas francas con alta tecnolog\u00eda que generen empleos para los j\u00f3venes. El exmandatario expres\u00f3, que la juventud dominicana cuando sale de las universidades requiere de puestos de trabajo seguros en las ramas donde cursaron carreras profesionales. Fern\u00e1ndez, quien presidi\u00f3 un \u201cmasivo acto\u201d de dirigentes y simpatizantes refiri\u00f3 que Rep\u00fablica Dominicana debe enfrentar el desempleo en la juventud, pues en la mayor\u00eda de las provincias que visita se encuentra&hellip;<\/p>\n","protected":false},"author":3,"featured_media":565,"comment_status":"open","ping_status":"open","sticky":false,"template":"","format":"standard","meta":{"rop_custom_images_group":[],"rop_custom_messages_group":[],"rop_publish_now":"initial","rop_publish_now_accounts":[],"rop_publish_now_history":[],"rop_publish_now_status":"pending","footnotes":""},"categories":[2,24],"tags":[],"class_list":["post-564","post","type-post","status-publish","format-standard","has-post-thumbnail","hentry","category-actualidad","category-politica"],"_links":{"self":[{"href":"https:\/\/larepublicanews.com.do\/live\/wp-json\/wp\/v2\/posts\/564","targetHints":{"allow":["GET"]}}],"collection":[{"href":"https:\/\/larepublicanews.com.do\/live\/wp-json\/wp\/v2\/posts"}],"about":[{"href":"https:\/\/larepublicanews.com.do\/live\/wp-json\/wp\/v2\/types\/post"}],"author":[{"embeddable":true,"href":"https:\/\/larepublicanews.com.do\/live\/wp-json\/wp\/v2\/users\/3"}],"replies":[{"embeddable":true,"href":"https:\/\/larepublicanews.com.do\/live\/wp-json\/wp\/v2\/comments?post=564"}],"version-history":[{"count":0,"href":"https:\/\/larepublicanews.com.do\/live\/wp-json\/wp\/v2\/posts\/564\/revisions"}],"wp:featuredmedia":[{"embeddable":true,"href":"https:\/\/larepublicanews.com.do\/live\/wp-json\/wp\/v2\/media\/565"}],"wp:attachment":[{"href":"https:\/\/larepublicanews.com.do\/live\/wp-json\/wp\/v2\/media?parent=564"}],"wp:term":[{"taxonomy":"category","embeddable":true,"href":"https:\/\/larepublicanews.com.do\/live\/wp-json\/wp\/v2\/categories?post=564"},{"taxonomy":"post_tag","embeddable":true,"href":"https:\/\/larepublicanews.com.do\/live\/wp-json\/wp\/v2\/tags?post=564"}],"curies":[{"name":"wp","href":"https:\/\/api.w.org\/{rel}","templated":true}]}}