{"id":561,"date":"2019-04-01T14:51:53","date_gmt":"2019-04-01T14:51:53","guid":{"rendered":"http:\/\/diario24news.com\/hoy\/?p=561"},"modified":"2019-04-01T14:51:53","modified_gmt":"2019-04-01T14:51:53","slug":"candidatos-retiran-vallas-que-tenian-en-el-gran-santo-domingo","status":"publish","type":"post","link":"https:\/\/larepublicanews.com.do\/live\/candidatos-retiran-vallas-que-tenian-en-el-gran-santo-domingo\/","title":{"rendered":"Candidatos retiran vallas que ten\u00edan en el Gran Santo Domingo"},"content":{"rendered":"<p>Vencido este s\u00e1bado 30 de marzo el plazo de 15 d\u00edas otorgado por la Junta Central Electoral (JCE) para que los aspirantes a cargos de elecci\u00f3n popular retiren de \u201cmanera voluntaria\u201d el material publicitario, colocado en espacios p\u00fablicos, la casi la totalidad de las vallas o cruza calles que\u00a0 hab\u00eda en el Gran Santo Domingo, ya fue retiradas.<\/p>\n<p>Incluso este s\u00e1bado, obreros de empresas publicitarias trabajaban en el retiro de las que quedaban.<\/p>\n<p>En un recorrido por las principales avenidas de la capital y la provincia Santo Domingo se observ\u00f3 que solo se mantiene como publicidad exterior, la campa\u00f1a institucional que hace meses inici\u00f3 el Partido Revolucionario Moderno (PRM), en busca de captar militantes.<\/p>\n<p>La reglamentaci\u00f3n de la JCE solo abarca a los candidatos, por lo que s\u00ed se mantienen otras vallas de movimientos de apoyo para algunos aspirantes, o a partidos minoritarios.<\/p>\n<p>Durante el recorrido de este medio no se hab\u00edan retirado las vallas colocadas por Karim Abud Naba.<\/p>\n<p>La medida tomada en la sesi\u00f3n del pleno de la JCE, efectuada el 14 de marzo, llama a retirar material que incluye vallas, afiches, cruzacalles, calcoman\u00edas, adhesivos, murales y similares, en virtud de que \u201cen el Reglamento para la Aplicaci\u00f3n de la Ley 33-18 de Partidos, Agrupaciones y Movimientos Pol\u00edticos sobre la celebraci\u00f3n de Primarias Simult\u00e1neas en el 2019, dictado por el Pleno de la Junta Central Electoral en fecha 12 de diciembre del a\u00f1o 2018, est\u00e1 prohibida la colocaci\u00f3n de dichos elementos promocionales\u201d.<\/p>\n<p>Julio C\u00e9sar Casta\u00f1os Guzm\u00e1n, presidente de la JCE, dijo que se acoger\u00e1n a lo dispuesto por el Pleno y envi\u00f3 un documento con el texto subrayado sobre lo que procede ahora.<\/p>\n<p>\u201cVencido el plazo -dice el texto subrayado-, las Juntas Electorales deben cumplir con el mandato del Pleno de la JCE de solicitar a los ayuntamientos y distritos municipales de sus respectivas demarcaciones el retiro inmediato, con todas las consecuencias legales, de toda la propaganda o publicidad\u201d, adujo el organismo en el comunicado suministrado sobre lo acordado en el Pleno de la referida fecha.<\/p>\n<p>Desde que se dio a conocer el plazo, los aspirantes a la candidatura presidencial del oficialista Partido de la Liberaci\u00f3n Dominicana (PLD), Carlos Amarante Baret y Andr\u00e9s Navarro anunciaron que retirar\u00edan sus materiales proselitistas.<\/p>\n<p>\u201cNo esperaremos a que la Junta Central Electoral haga uso de la fuerza coercitiva que le otorgan las leyes; retiraremos voluntariamente y antes del plazo de los 15 d\u00edas las vallas que promueven nuestras aspiraciones presidenciales\u201d, dijo Amarante Baret.<\/p>\n<p>Navarro dijo que dispondr\u00eda el retiro de seis vallas que hab\u00edan sido colocadas por movimientos externos de apoyo a su proyecto, lo cual dijo ayer s\u00e1bado que ya cumpli\u00f3.<\/p>\n<p><em>Fuente:\u00a0<strong>Listin Diario<\/strong><\/em><\/p>\n","protected":false},"excerpt":{"rendered":"<p>Vencido este s\u00e1bado 30 de marzo el plazo de 15 d\u00edas otorgado por la Junta Central Electoral (JCE) para que los aspirantes a cargos de elecci\u00f3n popular retiren de \u201cmanera voluntaria\u201d el material publicitario, colocado en espacios p\u00fablicos, la casi la totalidad de las vallas o cruza calles que\u00a0 hab\u00eda en el Gran Santo Domingo, ya fue retiradas. Incluso este s\u00e1bado, obreros de empresas publicitarias trabajaban en el retiro de las que quedaban. En un recorrido por las principales avenidas de la capital y la provincia Santo Domingo se observ\u00f3&hellip;<\/p>\n","protected":false},"author":3,"featured_media":562,"comment_status":"open","ping_status":"open","sticky":false,"template":"","format":"standard","meta":{"rop_custom_images_group":[],"rop_custom_messages_group":[],"rop_publish_now":"initial","rop_publish_now_accounts":[],"rop_publish_now_history":[],"rop_publish_now_status":"pending","footnotes":""},"categories":[2],"tags":[],"class_list":["post-561","post","type-post","status-publish","format-standard","has-post-thumbnail","hentry","category-actualidad"],"_links":{"self":[{"href":"https:\/\/larepublicanews.com.do\/live\/wp-json\/wp\/v2\/posts\/561","targetHints":{"allow":["GET"]}}],"collection":[{"href":"https:\/\/larepublicanews.com.do\/live\/wp-json\/wp\/v2\/posts"}],"about":[{"href":"https:\/\/larepublicanews.com.do\/live\/wp-json\/wp\/v2\/types\/post"}],"author":[{"embeddable":true,"href":"https:\/\/larepublicanews.com.do\/live\/wp-json\/wp\/v2\/users\/3"}],"replies":[{"embeddable":true,"href":"https:\/\/larepublicanews.com.do\/live\/wp-json\/wp\/v2\/comments?post=561"}],"version-history":[{"count":0,"href":"https:\/\/larepublicanews.com.do\/live\/wp-json\/wp\/v2\/posts\/561\/revisions"}],"wp:featuredmedia":[{"embeddable":true,"href":"https:\/\/larepublicanews.com.do\/live\/wp-json\/wp\/v2\/media\/562"}],"wp:attachment":[{"href":"https:\/\/larepublicanews.com.do\/live\/wp-json\/wp\/v2\/media?parent=561"}],"wp:term":[{"taxonomy":"category","embeddable":true,"href":"https:\/\/larepublicanews.com.do\/live\/wp-json\/wp\/v2\/categories?post=561"},{"taxonomy":"post_tag","embeddable":true,"href":"https:\/\/larepublicanews.com.do\/live\/wp-json\/wp\/v2\/tags?post=561"}],"curies":[{"name":"wp","href":"https:\/\/api.w.org\/{rel}","templated":true}]}}