{"id":554,"date":"2019-03-31T17:54:55","date_gmt":"2019-03-31T17:54:55","guid":{"rendered":"http:\/\/diario24news.com\/hoy\/?p=554"},"modified":"2019-03-31T17:54:55","modified_gmt":"2019-03-31T17:54:55","slug":"cuba-pide-a-paises-caribenos-oponerse-a-una-agresion-militar-contra-venezuela","status":"publish","type":"post","link":"https:\/\/larepublicanews.com.do\/live\/cuba-pide-a-paises-caribenos-oponerse-a-una-agresion-militar-contra-venezuela\/","title":{"rendered":"Cuba pide a pa\u00edses caribe\u00f1os oponerse a una agresi\u00f3n militar contra Venezuela"},"content":{"rendered":"<p>El presidente de Cuba, Miguel D\u00edaz-Canel, inst\u00f3 a los pa\u00edses del Caribe a oponerse a una agresi\u00f3n militar contra Venezuela, y critic\u00f3 a Estados Unidos por declarar que la Doctrina Monroe \u00abes tan relevante hoy como el d\u00eda en que fue escrita\u00bb.<\/p>\n<p>\u00abPor encima de diferencias pol\u00edticas o ideol\u00f3gicas, llamo a todos los Gobiernos del Caribe a defender la paz y oponerse a una agresi\u00f3n militar y la escalada de medidas econ\u00f3micas coercitivas contra Venezuela que da\u00f1an gravemente a sus ciudadanos y ponen en riesgo la estabilidad de toda la regi\u00f3n\u00bb, se\u00f1al\u00f3 D\u00edaz-Canel durante un discurso ofrecido en Managua.<\/p>\n<p>El presidente cubano, quien particip\u00f3 en la VIII Cumbre de Jefes de Estado y de Gobierno de la Asociaci\u00f3n de Estados del Caribe (AEC), dijo que los planteamientos y las acciones adoptadas por EE.UU. contra Venezuela \u00abdesaf\u00edan nuestra proclama de la Am\u00e9rica Latina y el Caribe como zona de paz\u00bb, firmada en enero de 2014 en La Habana.<\/p>\n<p>Record\u00f3 que entonces declararon su compromiso permanente con la soluci\u00f3n pac\u00edfica de controversias a fin de desterrar para siempre el uso y la amenaza del uso de la fuerza en esta regi\u00f3n; con el estricto cumplimiento de la obligaci\u00f3n de no intervenir, directa o indirectamente, en los asuntos internos de cualquier otro Estado.<\/p>\n<p>En este contexto, continu\u00f3 D\u00edaz-Canel, \u00abnuestras naciones precisan continuar trabajando unidas\u00bb y que \u00abes nuestro deber proteger, entre todos, la paz y preservar lo alcanzado, seguros de que la situaci\u00f3n actual de confrontaci\u00f3n y amenazas va a ser superada\u00bb.<\/p>\n<p>Se\u00f1al\u00f3 que Cuba, en particular, ha sido objeto de un \u00abendurecimiento irracional y perverso\u00bb del bloqueo de Estados Unidos, cuya Administraci\u00f3n, seg\u00fan dijo, \u00abha desatado, al mismo tiempo, una campa\u00f1a de manipulaciones, mentiras y pretextos para sostener una pr\u00e1ctica de persecuci\u00f3n y acoso que la comunidad internacional rechaza y condena abiertamente\u00bb.<\/p>\n<p>Durante su discurso, agradeci\u00f3 la postura de los pa\u00edses de la regi\u00f3n, \u00aben oposici\u00f3n a esta pol\u00edtica irracional, ilegal y cruel contra nuestro pueblo\u00bb.<\/p>\n<p>Asimismo, expres\u00f3 su solidaridad y apoyo al Gobierno de Nicaragua \u00abante los intentos de desestabilizaci\u00f3n\u00bb y celebr\u00f3 el proceso de negociaci\u00f3n entre el Ejecutivo de Daniel Ortega y una oposici\u00f3n extraparlamentaria con la que buscan superar la crisis que estall\u00f3 hace casi un a\u00f1o.<\/p>\n<p>Asimismo, abog\u00f3 porque la AEC contin\u00fae \u00absiendo un puntal en la unidad del Gran Caribe, que es la \u00fanica alternativa frente a los enormes retos que enfrentamos\u00bb.<\/p>\n<p>La AEC celebr\u00f3 su 25 aniversario en Managua, donde hizo un llamado a la unidad, a la cooperaci\u00f3n y a la acci\u00f3n cercada entre los Estados miembros y miembros asociados a que conformen el Gran Caribe para hacer frente a las consecuencias del cambio clim\u00e1tico.<\/p>\n<p>Nicaragua acogi\u00f3 una serie de encuentros de la AEC que incluyeron, adem\u00e1s, la XXIV Reuni\u00f3n Ordinaria del Consejo de Ministros, la III Reuni\u00f3n de Cooperaci\u00f3n de la AEC, y la VIII Cumbre de los Jefes de Estado.<\/p>\n<p>La AEC est\u00e1 compuesta por Antigua y Barbuda, Bahamas, Barbados, Belice, Colombia, Costa Rica, Cuba, Dominica, El Salvador, Granada, Guatemala, Guyana, Hait\u00ed, Honduras, Jamaica, M\u00e9xico, Nicaragua, Panam\u00e1, Rep\u00fablica Dominicana, San Crist\u00f3bal y Nieves, Santa Luc\u00eda, San Vicente y las Granadinas, Surinam, Trinidad y Tobago, y Venezuela.<\/p>\n<p>El organismo tambi\u00e9n cuenta con los Estados asociados de Aruba, Bonaire, Curazao, Guadalupe, Guyana Francesa, Islas V\u00edrgenes Brit\u00e1nicas, Martinica, Isla de Saba, San Bartolom\u00e9, San Mart\u00edn (francesa), San Eustaquio y San Mart\u00edn (holandesa).<\/p>\n<p><em>Fuente:\u00a0<strong>Listin Diario<\/strong><\/em><\/p>\n","protected":false},"excerpt":{"rendered":"<p>El presidente de Cuba, Miguel D\u00edaz-Canel, inst\u00f3 a los pa\u00edses del Caribe a oponerse a una agresi\u00f3n militar contra Venezuela, y critic\u00f3 a Estados Unidos por declarar que la Doctrina Monroe \u00abes tan relevante hoy como el d\u00eda en que fue escrita\u00bb. \u00abPor encima de diferencias pol\u00edticas o ideol\u00f3gicas, llamo a todos los Gobiernos del Caribe a defender la paz y oponerse a una agresi\u00f3n militar y la escalada de medidas econ\u00f3micas coercitivas contra Venezuela que da\u00f1an gravemente a sus ciudadanos y ponen en riesgo la estabilidad de toda la&hellip;<\/p>\n","protected":false},"author":3,"featured_media":555,"comment_status":"open","ping_status":"open","sticky":false,"template":"","format":"standard","meta":{"rop_custom_images_group":[],"rop_custom_messages_group":[],"rop_publish_now":"initial","rop_publish_now_accounts":[],"rop_publish_now_history":[],"rop_publish_now_status":"pending","footnotes":""},"categories":[18,29],"tags":[],"class_list":["post-554","post","type-post","status-publish","format-standard","has-post-thumbnail","hentry","category-world","category-sociedad"],"_links":{"self":[{"href":"https:\/\/larepublicanews.com.do\/live\/wp-json\/wp\/v2\/posts\/554","targetHints":{"allow":["GET"]}}],"collection":[{"href":"https:\/\/larepublicanews.com.do\/live\/wp-json\/wp\/v2\/posts"}],"about":[{"href":"https:\/\/larepublicanews.com.do\/live\/wp-json\/wp\/v2\/types\/post"}],"author":[{"embeddable":true,"href":"https:\/\/larepublicanews.com.do\/live\/wp-json\/wp\/v2\/users\/3"}],"replies":[{"embeddable":true,"href":"https:\/\/larepublicanews.com.do\/live\/wp-json\/wp\/v2\/comments?post=554"}],"version-history":[{"count":0,"href":"https:\/\/larepublicanews.com.do\/live\/wp-json\/wp\/v2\/posts\/554\/revisions"}],"wp:featuredmedia":[{"embeddable":true,"href":"https:\/\/larepublicanews.com.do\/live\/wp-json\/wp\/v2\/media\/555"}],"wp:attachment":[{"href":"https:\/\/larepublicanews.com.do\/live\/wp-json\/wp\/v2\/media?parent=554"}],"wp:term":[{"taxonomy":"category","embeddable":true,"href":"https:\/\/larepublicanews.com.do\/live\/wp-json\/wp\/v2\/categories?post=554"},{"taxonomy":"post_tag","embeddable":true,"href":"https:\/\/larepublicanews.com.do\/live\/wp-json\/wp\/v2\/tags?post=554"}],"curies":[{"name":"wp","href":"https:\/\/api.w.org\/{rel}","templated":true}]}}